{"id":5728,"date":"2026-02-20T18:57:15","date_gmt":"2026-02-20T21:57:15","guid":{"rendered":"https:\/\/www.reportercatolico.com.br\/radio\/site\/?p=5728"},"modified":"2026-02-20T19:10:49","modified_gmt":"2026-02-20T22:10:49","slug":"deboche-contra-a-familia-tradicional-em-escola-de-samba-ataca-os-valores-mais-sagrados-diz-bispo-de-formosa","status":"publish","type":"post","link":"https:\/\/www.reportercatolico.com.br\/radio\/site\/deboche-contra-a-familia-tradicional-em-escola-de-samba-ataca-os-valores-mais-sagrados-diz-bispo-de-formosa\/","title":{"rendered":"Deboche contra a fam\u00edlia tradicional em escola de samba ataca os valores mais sagrados, diz bispo de Formosa"},"content":{"rendered":"<p>A ala &#8216;Neoconservadores em Conserva&#8217; da escola de samba Acad\u00eamicos de Niter\u00f3i trazia no r\u00f3tulo das latas a imagem de uma fam\u00edlia tradicional, formada por um pai, uma m\u00e3e e dois filhos. | Reprodu\u00e7\u00e3o\/redes sociais<\/p>\n<p><strong>Rep\u00f3rter Cat\u00f3lico 20\/02\/26<\/strong><\/p>\n<p>\u201cVimos mais uma vez a f\u00e9 crist\u00e3 ser escarnecida e vilipendiada durante as festividades do Carnaval, especialmente no desfile da Marqu\u00eas de Sapuca\u00ed no Rio de Janeiro\u201d, disse o bispo de Formosa (GO), dom Adair Jos\u00e9 Guimar\u00e3es, em sua homilia na missa de Quarta-feira de Cinzas (18), na catedral de Formosa. \u201cSob o pretexto de arte e liberdade de express\u00e3o, assistimos a um ataque deliberado aos valores mais sagrados para n\u00f3s, com um deboche particular, dirigido \u00e0 fam\u00edlia tradicional, \u00e0 fam\u00edlia conservadora, pilar da sociedade e santu\u00e1rio da vida\u201d.<\/p>\n<p>Segundo o bispo de Formosa, os crist\u00e3os n\u00e3o podem \u201centrar neste tempo de convers\u00e3o, ignorando o mundo que nos cerca\u201d porque \u201cser crist\u00e3o \u00e9 ter os p\u00e9s na terra e o cora\u00e7\u00e3o no c\u00e9u\u201d.<\/p>\n<p>\u201cE a terra em que pisamos, nosso amado Brasil, clama por uma voz prof\u00e9tica. O profeta n\u00e3o \u00e9 aquele que prev\u00ea o futuro, mas aquele que interpreta o presente \u00e0 luz da Palavra de Deus e tem a coragem de denunciar o pecado e anunciar a verdade, mesmo que isso lhe custe a aceita\u00e7\u00e3o do mundo\u201d, disse dom Adair.<\/p>\n<p><strong>Deus aconselhou santo \u00c2ngelo sobre como fazer as homilias da Quaresma<\/strong><\/p>\n<p>Dom Adair comentava o desfile da escola de samba Acad\u00eamicos de Niter\u00f3i, no domingo (15), que homenageou o presidente Luiz In\u00e1cio Lula da Silva na Marqu\u00eas de Sapuca\u00ed. A ala Neoconservadores em Conserva era formada por foli\u00f5es fantasiados de latas de conserva trazendo no r\u00f3tulo das latas a imagem de uma fam\u00edlia tradicional, formada por um pai, uma m\u00e3e e dois filhos.<\/p>\n<p>Segundo o roteiro apresentado pela Acad\u00eamicos de Niter\u00f3i, \u201cos chamados \u2018neoconservadores\u2019\u201d s\u00e3o \u201cum grupo que atua fortemente em oposi\u00e7\u00e3o a Lula, votando contra a maioria das pautas defendidas por ele, como privatiza\u00e7\u00f5es e o fim da escala de trabalho 6&#215;1\u201d.<\/p>\n<p><em>A Acad\u00eamicos de Niter\u00f3i ficou em \u00faltimo lugar e foi rebaixada do Grupo Especial para a S\u00e9rie Ouro em 2027.<\/em><\/p>\n<p>\u201cO movimento em ascens\u00e3o no Brasil passou a se associar, dentro do campo pol\u00edtico, aos seguidores da extrema direita\u201d, disse a escola de samba destacando que \u201ca fantasia traz uma lata de conserva, com uma defesa da dita fam\u00edlia tradicional\u201d, e \u201cna cabe\u00e7a dos componentes, h\u00e1 uma varia\u00e7\u00e3o de elementos para enumerar os grupos que levantam a bandeira do neoconservadorismo. S\u00e3o eles: os representantes do agroneg\u00f3cio, os defensores da Ditadura Militar e os grupos religiosos evang\u00e9licos\u201d.<\/p>\n<p>Dom Adair comentou que houve \u201cuma cr\u00edtica tamb\u00e9m azeda ao produtor do campo, que abastece com seus muitos impostos, os cofres desse governo\u201d<\/p>\n<p>Para dom Adair, \u201co que torna esse estardalha\u00e7o ainda mais grave, ainda mais revoltante \u00e9 saber que todo esse deboche da fam\u00edlia, dos trabalhadores, todo esse incentivo \u00e0 cultura do \u00f3dio, toda essa divis\u00e3o cada vez mais profunda em nosso Brasil foi patrocinado pelo dinheiro p\u00fablico\u201d.<\/p>\n<p>\u201cUm governo que n\u00e3o educa, que n\u00e3o cuida da sa\u00fade, que n\u00e3o oferece seguran\u00e7a, quis fazer daquele momento um momento pol\u00edtico, um momento eleitoral, uma campanha presidencial antecipada\u201d, disse o bispo.<\/p>\n<p>Para dom Adair, o desfile \u201cn\u00e3o \u00e9 um fato isolado, mas o sintoma de um projeto cultural que busca desconstruir a identidade de nosso povo, uma identidade que foi forjada sob o signo da cruz de Cristo\u201d.<\/p>\n<p>Para o bispo, \u201ca realidade que n\u00f3s estamos vivendo h\u00e1 tanto tempo no Brasil promove-se uma situa\u00e7\u00e3o onde n\u00e3o h\u00e1 limites, onde a moral objetiva \u00e9 substitu\u00edda pelo capricho individual, onde os filhos e pais fazem o que querem, gerando n\u00e3o a liberdade, mas a escravid\u00e3o do ego\u00edsmo e do pecado, triste realidade aos nossos olhos\u201d.<\/p>\n<p>\u201cEm contrapartida, a fam\u00edlia, que a f\u00e9 nos ensina a valorizar \u00e9 a fam\u00edlia tradicional\u201d, ressaltou. \u201c\u00c9 aquela que, resguardada a dignidade e a complementaridade do homem e da mulher, unidos pelo sacramento do matrim\u00f4nio, gera e forma os seus filhos para a santidade\u201d.<\/p>\n<p>\u201c\u00c9 o lugar onde os pais, como primeiros educadores, se esmeram na forma\u00e7\u00e3o humana e crist\u00e3 de seus filhos. \u00c9 ensinando-lhes pelo exemplo o amor, o respeito, o sacrif\u00edcio e acima de tudo a f\u00e9 em Deus que significa tamb\u00e9m trabalho e honestidade. \u00c9 esses valores, estes dons que promovem o alicerce de uma sociedade onde homens e mulheres n\u00e3o se corrompem\u201d, enfatizou.<\/p>\n<p><strong>A fam\u00edlia que Deus quer \u00e9 a \u2018c\u00e9lula mater\u2019<\/strong><\/p>\n<p>Dom Adair ainda disse que \u201ca corrup\u00e7\u00e3o avassaladora que estamos assistindo nesses \u00faltimos tempos\u201d no Brasil \u201cadv\u00e9m justamente dessa mentalidade med\u00edocre estabelecida pela revolu\u00e7\u00e3o cultural marxista que desconstr\u00f3i a fam\u00edlia, persegue a f\u00e9, promove o aborto, promove a ideologia de g\u00eanero, promove o estrangulamento da sociedade ocidental\u201d.<\/p>\n<p><strong>Segundo o bispo, \u201ca fam\u00edlia que Deus quer \u00e9 esta fam\u00edlia c\u00e9lula mater\u201d.<\/strong><\/p>\n<p>\u201cQue a imposi\u00e7\u00e3o das cinzas sobre nossas cabe\u00e7as, seja para cada um de n\u00f3s um sinal de nosso compromisso de convers\u00e3o pessoal, de rasgar o cora\u00e7\u00e3o e voltar-se ao Senhor\u201d, disse o bispo. \u201cMas que seja tamb\u00e9m um compromisso de testemunho p\u00fablico, que n\u00e3o nos envergonhamos do Evangelho, que o defendamos com coragem e clareza expondo, meus irm\u00e3os, o poder da verdade sobre o matrim\u00f4nio e a fam\u00edlia\u201d.<\/p>\n<p>Ao final de sua homilia, dom Adair pediu aos cat\u00f3licos que \u201cao longo desta Quaresma, que a medita\u00e7\u00e3o da Palavra de Deus, as ora\u00e7\u00f5es, a via sacra, a frequ\u00eancia aos sacramentos e as obras de caridade que n\u00f3s faremos em favor dos pobres, dos desvalidos, nos purifiquem e nos preparem para a P\u00e1scoa\u201d.<\/p>\n<p>\u201cE que fortalecidos por esse tempo de gra\u00e7a, possamos responder com a nossa vida a pergunta que os pag\u00e3os faziam aos crist\u00e3os no in\u00edcio da igreja: \u2018Onde est\u00e1 o Deus deles?\u2019. Que possam ver em nossas fam\u00edlias, os pag\u00e3os de hoje, em nossas comunidades, a nossa firmeza da f\u00e9, a nossa perseveran\u00e7a viva ao Deus vivo que \u00e9 benigno, compassivo, paciente e cheio de miseric\u00f3rdia\u201d.<\/p>\n<p><strong>Por Monasa Narjara<\/strong><\/p>\n","protected":false},"excerpt":{"rendered":"<p>A ala &#8216;Neoconservadores em Conserva&#8217; da escola de samba Acad\u00eamicos de Niter\u00f3i trazia no r\u00f3tulo das latas  &#8230; <a class=\"cz_readmore cz_readmore_no_title\" href=\"https:\/\/www.reportercatolico.com.br\/radio\/site\/deboche-contra-a-familia-tradicional-em-escola-de-samba-ataca-os-valores-mais-sagrados-diz-bispo-de-formosa\/\"><i class=\"fa fa-angle-right\" aria-hidden=\"true\"><\/i><span><\/span><\/a><\/p>\n","protected":false},"author":1,"featured_media":5730,"comment_status":"closed","ping_status":"closed","sticky":false,"template":"","format":"standard","meta":{"rs_blank_template":"","rs_page_bg_color":"","slide_template_v7":"","footnotes":""},"categories":[1],"tags":[],"class_list":["post-5728","post","type-post","status-publish","format-standard","has-post-thumbnail","hentry","category-noticias"],"_links":{"self":[{"href":"https:\/\/www.reportercatolico.com.br\/radio\/site\/wp-json\/wp\/v2\/posts\/5728","targetHints":{"allow":["GET"]}}],"collection":[{"href":"https:\/\/www.reportercatolico.com.br\/radio\/site\/wp-json\/wp\/v2\/posts"}],"about":[{"href":"https:\/\/www.reportercatolico.com.br\/radio\/site\/wp-json\/wp\/v2\/types\/post"}],"author":[{"embeddable":true,"href":"https:\/\/www.reportercatolico.com.br\/radio\/site\/wp-json\/wp\/v2\/users\/1"}],"replies":[{"embeddable":true,"href":"https:\/\/www.reportercatolico.com.br\/radio\/site\/wp-json\/wp\/v2\/comments?post=5728"}],"version-history":[{"count":0,"href":"https:\/\/www.reportercatolico.com.br\/radio\/site\/wp-json\/wp\/v2\/posts\/5728\/revisions"}],"wp:featuredmedia":[{"embeddable":true,"href":"https:\/\/www.reportercatolico.com.br\/radio\/site\/wp-json\/wp\/v2\/media\/5730"}],"wp:attachment":[{"href":"https:\/\/www.reportercatolico.com.br\/radio\/site\/wp-json\/wp\/v2\/media?parent=5728"}],"wp:term":[{"taxonomy":"category","embeddable":true,"href":"https:\/\/www.reportercatolico.com.br\/radio\/site\/wp-json\/wp\/v2\/categories?post=5728"},{"taxonomy":"post_tag","embeddable":true,"href":"https:\/\/www.reportercatolico.com.br\/radio\/site\/wp-json\/wp\/v2\/tags?post=5728"}],"curies":[{"name":"wp","href":"https:\/\/api.w.org\/{rel}","templated":true}]}}