{"id":5733,"date":"2026-02-20T19:11:27","date_gmt":"2026-02-20T22:11:27","guid":{"rendered":"https:\/\/www.reportercatolico.com.br\/radio\/site\/?p=5733"},"modified":"2026-02-20T19:16:47","modified_gmt":"2026-02-20T22:16:47","slug":"cinco-passagens-da-biblia-para-viver-bem-a-quaresma","status":"publish","type":"post","link":"https:\/\/www.reportercatolico.com.br\/radio\/site\/cinco-passagens-da-biblia-para-viver-bem-a-quaresma\/","title":{"rendered":"Cinco passagens da B\u00edblia para viver bem a Quaresma"},"content":{"rendered":"<p><strong>Rep\u00f3rter Cat\u00f3lico 20\/02\/26<\/strong><\/p>\n<p>A B\u00edblia cont\u00e9m muitas passagens que podem ajudar os crist\u00e3os a viver melhor a Quaresma. Abaixo est\u00e3o algumas refer\u00eancias da Sagrada Escritura relacionadas a este tempo de prepara\u00e7\u00e3o para a Semana Santa e a P\u00e1scoa.<\/p>\n<p><strong>Jesus \u00e9 tentado no deserto (Mt 4,1-11)<\/strong><\/p>\n<p>Na Quaresma, destaca-se a passagem b\u00edblica em que Jesus \u00e9 levado pelo Esp\u00edrito ao deserto para jejuar 40 dias e 40 noites e \u00e9 tentado pelo dem\u00f4nio.<\/p>\n<p>Sobre esta passagem, s\u00e3o Jo\u00e3o Cris\u00f3stomo ensinou em uma de suas homilias que, como Jesus, &#8220;por grandes que sejam as tenta\u00e7\u00f5es que possais sofrer depois do Batismo, n\u00e3o vos perturbeis por elas, mas permanecei firmes&#8221;.<\/p>\n<p>Santo Agostinho disse que o Senhor se ofereceu para ser tentado para \u201ctornar-se um mediador que ven\u00e7a as tenta\u00e7\u00f5es, n\u00e3o s\u00f3 com a sua ajuda, mas com o seu exemplo\u201d.<\/p>\n<p>Por isso, o Catecismo da Igreja Cat\u00f3lica convida a se unir na Quaresma \u201cao mist\u00e9rio de Jesus no deserto\u201d.<\/p>\n<p><strong>O Senhor d\u00e1 instru\u00e7\u00f5es sobre o jejum (Mt 6,16-18)<\/strong><\/p>\n<p>O jejum \u00e9 outro elemento fundamental durante a Quaresma, especialmente nas sextas-feiras, Quarta-Feira de Cinzas e Sexta-Feira Santa.<\/p>\n<p>Para faz\u00ea-lo da forma certa, Jesus pede &#8220;que n\u00e3o tomeis um ar triste como os hip\u00f3critas, que mostram um semblante abatido para manifestar aos homens que je\u00adjuam&#8221;.<\/p>\n<p>Sobre esta passagem do Novo Testamento, s\u00e3o Le\u00e3o Magno diz que \u201cn\u00e3o \u00e9 bom o jejum que n\u00e3o prov\u00e9m da convic\u00e7\u00e3o da consci\u00eancia, mas da arte de enganar\u201d.<\/p>\n<p>Por isso, a Igreja pede aos fi\u00e9is que aproveitem este tempo para se aproximarem do \u201csacramento da convers\u00e3o\u201d, tamb\u00e9m chamado de sacramento da penit\u00eancia ou da reconcilia\u00e7\u00e3o.<\/p>\n<p>O Catecismo da Igreja Cat\u00f3lica diz que este sacramento \u201cconsagra um processo pessoal e eclesial de convers\u00e3o, arrependimento e repara\u00e7\u00e3o por parte do crist\u00e3o pecador\u201d.<\/p>\n<p><strong>Pois tu \u00e9s p\u00f3 e ao p\u00f3 h\u00e1s de voltar (Gn 3,19)<\/strong><\/p>\n<p>Durante o rito da imposi\u00e7\u00e3o das cinzas na Quarta-feira de Cinzas, o padre fala estas palavras retiradas do livro do G\u00eanesis.<\/p>\n<p><strong>Que tua m\u00e3o esquerda n\u00e3o saiba o que fez a direi\u00adta (Mt 6,3)<\/strong><\/p>\n<p>Nesta passagem do Novo Testamento, o Senhor convida a fazer o bem em todos os momentos, evitando a tenta\u00e7\u00e3o de buscar o reconhecimento dos outros.<\/p>\n<p>Sobre este ponto, s\u00e3o Jo\u00e3o Cris\u00f3stomo refletia que \u201cse quereis ter espectadores das coisas que fazeis, aqui est\u00e3o eles: n\u00e3o s\u00f3 os anjos e arcanjos, mas tamb\u00e9m o pr\u00f3prio Deus do universo\u201d.<\/p>\n<p><strong>Por ACI Digital<\/strong><\/p>\n","protected":false},"excerpt":{"rendered":"<p>Rep\u00f3rter Cat\u00f3lico 20\/02\/26 A B\u00edblia cont\u00e9m muitas passagens que podem ajudar os crist\u00e3os a viver melhor a Quaresma. &#8230; <a class=\"cz_readmore cz_readmore_no_title\" href=\"https:\/\/www.reportercatolico.com.br\/radio\/site\/cinco-passagens-da-biblia-para-viver-bem-a-quaresma\/\"><i class=\"fa fa-angle-right\" aria-hidden=\"true\"><\/i><span><\/span><\/a><\/p>\n","protected":false},"author":1,"featured_media":5735,"comment_status":"closed","ping_status":"closed","sticky":false,"template":"","format":"standard","meta":{"rs_blank_template":"","rs_page_bg_color":"","slide_template_v7":"","footnotes":""},"categories":[1],"tags":[],"class_list":["post-5733","post","type-post","status-publish","format-standard","has-post-thumbnail","hentry","category-noticias"],"_links":{"self":[{"href":"https:\/\/www.reportercatolico.com.br\/radio\/site\/wp-json\/wp\/v2\/posts\/5733","targetHints":{"allow":["GET"]}}],"collection":[{"href":"https:\/\/www.reportercatolico.com.br\/radio\/site\/wp-json\/wp\/v2\/posts"}],"about":[{"href":"https:\/\/www.reportercatolico.com.br\/radio\/site\/wp-json\/wp\/v2\/types\/post"}],"author":[{"embeddable":true,"href":"https:\/\/www.reportercatolico.com.br\/radio\/site\/wp-json\/wp\/v2\/users\/1"}],"replies":[{"embeddable":true,"href":"https:\/\/www.reportercatolico.com.br\/radio\/site\/wp-json\/wp\/v2\/comments?post=5733"}],"version-history":[{"count":0,"href":"https:\/\/www.reportercatolico.com.br\/radio\/site\/wp-json\/wp\/v2\/posts\/5733\/revisions"}],"wp:featuredmedia":[{"embeddable":true,"href":"https:\/\/www.reportercatolico.com.br\/radio\/site\/wp-json\/wp\/v2\/media\/5735"}],"wp:attachment":[{"href":"https:\/\/www.reportercatolico.com.br\/radio\/site\/wp-json\/wp\/v2\/media?parent=5733"}],"wp:term":[{"taxonomy":"category","embeddable":true,"href":"https:\/\/www.reportercatolico.com.br\/radio\/site\/wp-json\/wp\/v2\/categories?post=5733"},{"taxonomy":"post_tag","embeddable":true,"href":"https:\/\/www.reportercatolico.com.br\/radio\/site\/wp-json\/wp\/v2\/tags?post=5733"}],"curies":[{"name":"wp","href":"https:\/\/api.w.org\/{rel}","templated":true}]}}