{"id":5785,"date":"2026-02-26T09:31:00","date_gmt":"2026-02-26T12:31:00","guid":{"rendered":"https:\/\/www.reportercatolico.com.br\/radio\/site\/?p=5785"},"modified":"2026-02-26T09:38:14","modified_gmt":"2026-02-26T12:38:14","slug":"encontro-nacional-dos-bispos-emeritos-do-brasil-reune-28-bispos-de-14-regionais-em-belo-horizonte-mg","status":"publish","type":"post","link":"https:\/\/www.reportercatolico.com.br\/radio\/site\/encontro-nacional-dos-bispos-emeritos-do-brasil-reune-28-bispos-de-14-regionais-em-belo-horizonte-mg\/","title":{"rendered":"Encontro Nacional dos Bispos Em\u00e9ritos do Brasil re\u00fane 28 bispos de 14 Regionais em Belo Horizonte (MG)"},"content":{"rendered":"<p><strong>Rep\u00f3rter Cat\u00f3lico 26\/02\/26<\/strong><\/p>\n<p>O Encontro Nacional dos Bispos Em\u00e9ritos do Brasil, que teve in\u00edcio na segunda-feira, 23 de fevereiro, encerra nessa quinta-feira, 26, na Casa M\u00e3e Acolhedora, em Belo Horizonte (MG). O encontro \u00e9 promovido pela Comiss\u00e3o Especial para os Bispos Em\u00e9ritos da Confer\u00eancia Nacional dos Bispos do Brasil (CNBB).<br \/>\nParticipam do encontro 28 bispos de 14 Regionais da Confer\u00eancia Nacional dos Bispos do Brasil (CNBB). Tamb\u00e9m est\u00e3o presentes o assessor da Comiss\u00e3o Episcopal para os Minist\u00e9rios Ordenados e a Vida Consagrada da CNBB, padre Guilherme Maia J\u00fanior, e bispo que acompanha os bispos em\u00e9ritos do Regional Leste 2. dom Jos\u00e9 Aristeu Vieira, da diocese de Luz (MG).<\/p>\n<p><strong>Sintonia com a Igreja no Brasil<\/strong><\/p>\n<p>Os bispos est\u00e3o reunidos para momentos de estudo e reflex\u00e3o sobre as Diretrizes Gerais da A\u00e7\u00e3o Evangelizadora da Igreja no Brasil, com assessoria do padre Jean Poul Hansen, Secret\u00e1rio Executivo de Campanhas da CNBB Nacional.<br \/>\nA programa\u00e7\u00e3o inclui ainda a abordagem do documento \u201cVida e Miss\u00e3o dos Bispos Em\u00e9ritos\u201d, com assessoria de dom Jos\u00e9 Belis\u00e1rio da Silva, OFM., arcebispo em\u00e9rito de S\u00e3o Lu\u00eds (MA). O encerramento do encontro est\u00e1 previsto para a quinta-feira, 26 de fevereiro, com visita \u00e0 Catedral Cristo Rei, em Belo Horizonte.<\/p>\n<p><strong>Com colabora\u00e7\u00e3o de Tatiane Soares de Oliveira<\/strong><\/p>\n","protected":false},"excerpt":{"rendered":"<p>Rep\u00f3rter Cat\u00f3lico 26\/02\/26 O Encontro Nacional dos Bispos Em\u00e9ritos do Brasil, que teve in\u00edcio na segunda-feira, 23 d &#8230; <a class=\"cz_readmore cz_readmore_no_title\" href=\"https:\/\/www.reportercatolico.com.br\/radio\/site\/encontro-nacional-dos-bispos-emeritos-do-brasil-reune-28-bispos-de-14-regionais-em-belo-horizonte-mg\/\"><i class=\"fa fa-angle-right\" aria-hidden=\"true\"><\/i><span><\/span><\/a><\/p>\n","protected":false},"author":1,"featured_media":5787,"comment_status":"closed","ping_status":"closed","sticky":false,"template":"","format":"standard","meta":{"rs_blank_template":"","rs_page_bg_color":"","slide_template_v7":"","footnotes":""},"categories":[1],"tags":[],"class_list":["post-5785","post","type-post","status-publish","format-standard","has-post-thumbnail","hentry","category-noticias"],"_links":{"self":[{"href":"https:\/\/www.reportercatolico.com.br\/radio\/site\/wp-json\/wp\/v2\/posts\/5785","targetHints":{"allow":["GET"]}}],"collection":[{"href":"https:\/\/www.reportercatolico.com.br\/radio\/site\/wp-json\/wp\/v2\/posts"}],"about":[{"href":"https:\/\/www.reportercatolico.com.br\/radio\/site\/wp-json\/wp\/v2\/types\/post"}],"author":[{"embeddable":true,"href":"https:\/\/www.reportercatolico.com.br\/radio\/site\/wp-json\/wp\/v2\/users\/1"}],"replies":[{"embeddable":true,"href":"https:\/\/www.reportercatolico.com.br\/radio\/site\/wp-json\/wp\/v2\/comments?post=5785"}],"version-history":[{"count":0,"href":"https:\/\/www.reportercatolico.com.br\/radio\/site\/wp-json\/wp\/v2\/posts\/5785\/revisions"}],"wp:featuredmedia":[{"embeddable":true,"href":"https:\/\/www.reportercatolico.com.br\/radio\/site\/wp-json\/wp\/v2\/media\/5787"}],"wp:attachment":[{"href":"https:\/\/www.reportercatolico.com.br\/radio\/site\/wp-json\/wp\/v2\/media?parent=5785"}],"wp:term":[{"taxonomy":"category","embeddable":true,"href":"https:\/\/www.reportercatolico.com.br\/radio\/site\/wp-json\/wp\/v2\/categories?post=5785"},{"taxonomy":"post_tag","embeddable":true,"href":"https:\/\/www.reportercatolico.com.br\/radio\/site\/wp-json\/wp\/v2\/tags?post=5785"}],"curies":[{"name":"wp","href":"https:\/\/api.w.org\/{rel}","templated":true}]}}