{"id":5997,"date":"2026-03-15T14:12:21","date_gmt":"2026-03-15T17:12:21","guid":{"rendered":"https:\/\/www.reportercatolico.com.br\/radio\/site\/?p=5997"},"modified":"2026-03-15T14:16:46","modified_gmt":"2026-03-15T17:16:46","slug":"monsenhor-jefferson-santos-pinheiro-e-nomeado-bispo-auxiliar-de-aracaju-se","status":"publish","type":"post","link":"https:\/\/www.reportercatolico.com.br\/radio\/site\/monsenhor-jefferson-santos-pinheiro-e-nomeado-bispo-auxiliar-de-aracaju-se\/","title":{"rendered":"Monsenhor Jefferson Santos Pinheiro \u00e9 nomeado Bispo Auxiliar de Aracaju (SE)"},"content":{"rendered":"<p><strong>Rep\u00f3rter Cat\u00f3lico 15\/03\/26<\/strong><\/p>\n<p>A nomea\u00e7\u00e3o acontece ap\u00f3s um pedido feito ao Papa Le\u00e3o XIV por Dom Josaf\u00e1 Menezes da Silva, que manifestou a necessidade de contar com a colabora\u00e7\u00e3o de um auxiliar.<\/p>\n<p>Acolhendo o pedido de Dom Josaf\u00e1 Menezes da Silva, de poder contar com a colabora\u00e7\u00e3o de um auxiliar, na manh\u00e3 desta sexta-feira, 13, o Papa Le\u00e3o XIV nomeou o Padre Jefferson Santos Pinheiro como Bispo Auxiliar da Arquidiocese Metropolitana de Aracaju, em Sergipe. Atualmente, o sacerdote \u00e9 P\u00e1roco da Par\u00f3quia Nossa Senhora da Concei\u00e7\u00e3o, em Mosqueiro, Aracaju (SE).<\/p>\n<p>Mensagem de sauda\u00e7\u00e3o da presid\u00eancia da CNBB<\/p>\n<p>A Confer\u00eancia Nacional dos Bispos do Brasil (CNBB) enviou uma mensagem de sauda\u00e7\u00e3o ao Monsenhor Jefferson recordando as palavras do Papa Le\u00e3o XIV por ocasi\u00e3o do Jubileu dos Bispos celebrado em Roma. \u201cO Bispo \u00e9 o princ\u00edpio vis\u00edvel de unidade na Igreja particular que lhe foi confiada tendo como dever zelar pela sua constru\u00e7\u00e3o na comunh\u00e3o entre todos os seus membros e com a Igreja universal, valorizando o contributo dos v\u00e1rios dons e minist\u00e9rios para o crescimento comum e a difus\u00e3o do Evangelho\u201d.<\/p>\n<p>Por fim, a presid\u00eancia da CNBB conclui a mensagem suplicando que Nossa Senhora da Concei\u00e7\u00e3o, padroeira da Arquidiocese de Aracaju, conduza e fortale\u00e7a o sacerdote nesta nova miss\u00e3o conferida pela Igreja.<\/p>\n<p>Discurso de apresenta\u00e7\u00e3o do novo Bispo Auxiliar<\/p>\n<p>Atrav\u00e9s de um v\u00eddeo de apresenta\u00e7\u00e3o gravado na frente da Catedral e publicado nas redes sociais da Arquidiocese de Aracaju, Dom Josaf\u00e1 d\u00e1 as boas vindas ao Monsenhor Jefferson Santos Pinheiro, que por sua vez agradece pelo acolhimento e orienta\u00e7\u00f5es. Ele tamb\u00e9m comenta o simbolismo de estar diante da Catedral, onde ele foi ordenado Di\u00e1cono \u201cpara servir a Igreja\u201d.<\/p>\n<p>\u201cAcolho com alegria esta nomea\u00e7\u00e3o, colocando a minha vida \u00e0 disposi\u00e7\u00e3o do Reino de Deus, do an\u00fancio do Evangelho para poder continuar a miss\u00e3o dos Ap\u00f3stolos dada por Cristo e com o objetivo tamb\u00e9m de contribuir com a edifica\u00e7\u00e3o de todo o Corpo que \u00e9 a Igreja\u201d, afirmou. Ele tamb\u00e9m pede aos sacerdotes, aos religiosos e religiosas, e ao povo de Deus, para que rezem por ele.<\/p>\n<p>Breve biografia de Monsenhor Jefferson Santos Pinheiro<\/p>\n<p>Nascido em 17 de julho de 1976, na cidade de Propri\u00e1 (SE), Jefferson Santos Pinheiro estudou Filosofia no Semin\u00e1rio Nossa Senhora da Concei\u00e7\u00e3o, em Aracaju, Teologia no Semin\u00e1rio S\u00e3o Jos\u00e9, em Mariana (MG), e Psicologia na Universidade Tiradentes, em Aracaju. Sua ordena\u00e7\u00e3o sacerdotal aconteceu no dia 21 de dezembro de 2002, tendo sido incardinado na Arquidiocese Metropolitana de Aracaju.<\/p>\n<p>Durante seu minist\u00e9rio, exerceu diversas fun\u00e7\u00f5es pastorais e formativas, das quais se destacam: administrador paroquial de Santo Amaro, em Santo Amaro das Brotas, e de S\u00e3o Jos\u00e9 de Anchieta, em Aracaju; diretor espiritual do Semin\u00e1rio Menor Sagrado Cora\u00e7\u00e3o de Jesus; assistente psic\u00f3logo dos seminaristas da Arquidiocese; professor no Semin\u00e1rio Proped\u00eautico Sagrado Cora\u00e7\u00e3o de Jesus; vig\u00e1rio episcopal do Vicariato S\u00e3o Jo\u00e3o; e p\u00e1roco de Nossa Senhora do Ros\u00e1rio.<\/p>\n<p>Monsenhor Jefferson Santos Pinheiro tamb\u00e9m foi membro do Conselho Presbiteral, do Col\u00e9gio de Consultores e do Conselho do Col\u00e9gio Arquidiocesano Sagrado Cora\u00e7\u00e3o de Jesus, bem como professor, reitor e diretor espiritual do Semin\u00e1rio Maior Nossa Senhora da Concei\u00e7\u00e3o, em Aracaju. Atualmente, exerce o cargo de p\u00e1roco da Igreja de Nossa Senhora da Concei\u00e7\u00e3o. (EPC)<\/p>\n<p>Reda\u00e7\u00e3o RC, com informa\u00e7oes, Gaudium Press<\/p>\n","protected":false},"excerpt":{"rendered":"<p>Rep\u00f3rter Cat\u00f3lico 15\/03\/26 A nomea\u00e7\u00e3o acontece ap\u00f3s um pedido feito ao Papa Le\u00e3o XIV por Dom Josaf\u00e1 Menezes da Si &#8230; <a class=\"cz_readmore cz_readmore_no_title\" href=\"https:\/\/www.reportercatolico.com.br\/radio\/site\/monsenhor-jefferson-santos-pinheiro-e-nomeado-bispo-auxiliar-de-aracaju-se\/\"><i class=\"fa fa-angle-right\" aria-hidden=\"true\"><\/i><span><\/span><\/a><\/p>\n","protected":false},"author":1,"featured_media":5999,"comment_status":"closed","ping_status":"closed","sticky":false,"template":"","format":"standard","meta":{"rs_blank_template":"","rs_page_bg_color":"","slide_template_v7":"","footnotes":""},"categories":[1],"tags":[],"class_list":["post-5997","post","type-post","status-publish","format-standard","has-post-thumbnail","hentry","category-noticias"],"_links":{"self":[{"href":"https:\/\/www.reportercatolico.com.br\/radio\/site\/wp-json\/wp\/v2\/posts\/5997","targetHints":{"allow":["GET"]}}],"collection":[{"href":"https:\/\/www.reportercatolico.com.br\/radio\/site\/wp-json\/wp\/v2\/posts"}],"about":[{"href":"https:\/\/www.reportercatolico.com.br\/radio\/site\/wp-json\/wp\/v2\/types\/post"}],"author":[{"embeddable":true,"href":"https:\/\/www.reportercatolico.com.br\/radio\/site\/wp-json\/wp\/v2\/users\/1"}],"replies":[{"embeddable":true,"href":"https:\/\/www.reportercatolico.com.br\/radio\/site\/wp-json\/wp\/v2\/comments?post=5997"}],"version-history":[{"count":0,"href":"https:\/\/www.reportercatolico.com.br\/radio\/site\/wp-json\/wp\/v2\/posts\/5997\/revisions"}],"wp:featuredmedia":[{"embeddable":true,"href":"https:\/\/www.reportercatolico.com.br\/radio\/site\/wp-json\/wp\/v2\/media\/5999"}],"wp:attachment":[{"href":"https:\/\/www.reportercatolico.com.br\/radio\/site\/wp-json\/wp\/v2\/media?parent=5997"}],"wp:term":[{"taxonomy":"category","embeddable":true,"href":"https:\/\/www.reportercatolico.com.br\/radio\/site\/wp-json\/wp\/v2\/categories?post=5997"},{"taxonomy":"post_tag","embeddable":true,"href":"https:\/\/www.reportercatolico.com.br\/radio\/site\/wp-json\/wp\/v2\/tags?post=5997"}],"curies":[{"name":"wp","href":"https:\/\/api.w.org\/{rel}","templated":true}]}}