{"id":6001,"date":"2026-03-15T14:21:53","date_gmt":"2026-03-15T17:21:53","guid":{"rendered":"https:\/\/www.reportercatolico.com.br\/radio\/site\/?p=6001"},"modified":"2026-03-15T14:25:41","modified_gmt":"2026-03-15T17:25:41","slug":"apos-conversas-com-o-vaticano-cuba-libertara-51-presos","status":"publish","type":"post","link":"https:\/\/www.reportercatolico.com.br\/radio\/site\/apos-conversas-com-o-vaticano-cuba-libertara-51-presos\/","title":{"rendered":"Ap\u00f3s conversas com o Vaticano, Cuba libertar\u00e1 51 presos"},"content":{"rendered":"<p>Foto: Wikipedia<\/p>\n<p><strong>Rep\u00f3rter Cat\u00f3lico 15\/03\/26<\/strong><\/p>\n<p>O Minist\u00e9rio das Rela\u00e7\u00f5es Exteriores de Cuba divulgou um comunicado destacando que a iniciativa ocorre \u201cno esp\u00edrito de boa vontade e das estreitas e fluidas rela\u00e7\u00f5es entre o Estado cubano e o Vaticano\u201d.<\/p>\n<p>O governo cubano anunciou, em 12 de mar\u00e7o de 2026, a liberta\u00e7\u00e3o de 51 pessoas que cumprem pena de pris\u00e3o na ilha, uma medida que ser\u00e1 implementada nos pr\u00f3ximos dias. A decis\u00e3o surge ap\u00f3s recentes conversas entre autoridades cubanas e a Santa S\u00e9, confirmadas tanto pelo lado cubano quanto pelo Vaticano.<\/p>\n<p>O Minist\u00e9rio das Rela\u00e7\u00f5es Exteriores de Cuba divulgou um comunicado destacando que a iniciativa ocorre \u201cno esp\u00edrito de boa vontade e das estreitas e fluidas rela\u00e7\u00f5es entre o Estado cubano e o Vaticano\u201d. Segundo o texto oficial, essas comunica\u00e7\u00f5es hist\u00f3ricas envolvem processos de revis\u00e3o e liberta\u00e7\u00e3o de pessoas privadas de liberdade. As autoridades afirmam que os 51 reclusos j\u00e1 cumpriram uma parte significativa de suas senten\u00e7as e mantiveram boa conduta no sistema prisional, enquadrando a medida como uma pr\u00e1tica habitual do sistema de justi\u00e7a penal cubano.<\/p>\n<p>O governo cubano lembrou que, desde 2010, mais de 9.900 presos foram beneficiados com indultos, e que nos \u00faltimos tr\u00eas anos outras 10.000 pessoas condenadas obtiveram liberdade por meio de diferentes benef\u00edcios legais previstos na legisla\u00e7\u00e3o da ilha. A liberta\u00e7\u00e3o foi apresentada como uma decis\u00e3o soberana, alinhada \u00e0 \u201ctrajet\u00f3ria humanit\u00e1ria da Revolu\u00e7\u00e3o\u201d, e coincidindo com a proximidade das celebra\u00e7\u00f5es da Semana Santa \u2014 per\u00edodo central do calend\u00e1rio crist\u00e3o, dedicado \u00e0 reflex\u00e3o sobre a Paix\u00e3o, Morte e Ressurrei\u00e7\u00e3o de Jesus Cristo. Nesse contexto, a liberta\u00e7\u00e3o de prisioneiros assume um claro significado humano e moral, ainda mais quando associada ao di\u00e1logo entre a Santa S\u00e9 e as autoridades cubanas.<\/p>\n<p>Do lado do Vaticano, o diretor da Sala de Imprensa da Santa S\u00e9, Matteo Bruni, confirmou a jornalistas que houve \u201cconversas recentes sobre a liberta\u00e7\u00e3o de prisioneiros\u201d na ilha caribenha. Essa media\u00e7\u00e3o refor\u00e7a o papel hist\u00f3rico da diplomacia vaticana em quest\u00f5es humanit\u00e1rias delicadas, especialmente envolvendo deten\u00e7\u00f5es e liberta\u00e7\u00f5es em contextos politicamente sens\u00edveis.<\/p>\n<p>A not\u00edcia ganha relev\u00e2ncia ainda maior ao ocorrer em um momento de crescentes tens\u00f5es entre Cuba e os Estados Unidos, com press\u00f5es da administra\u00e7\u00e3o Trump por reformas econ\u00f4micas e pol\u00edticas na ilha. Organiza\u00e7\u00f5es de direitos humanos, como a Anistia Internacional, criticaram a falta de transpar\u00eancia no an\u00fancio, questionando se entre os beneficiados h\u00e1 presos pol\u00edticos \u2014 um ponto que o regime cubano evitou abordar diretamente, afirmando que \u201cn\u00e3o tem inten\u00e7\u00e3o de falar sobre isso\u201d.<\/p>\n<p>Essa n\u00e3o \u00e9 a primeira vez que o Vaticano atua como mediador em liberta\u00e7\u00f5es em Cuba. Em 2025, por exemplo, houve um acordo similar que resultou na soltura de 553 detentos. A Igreja Cat\u00f3lica, por meio de sua diplomacia discreta e constante, continua sendo um canal importante para gestos humanit\u00e1rios, mesmo em regimes autorit\u00e1rios.<\/p>\n<p>A liberta\u00e7\u00e3o dos 51 presos, embora limitada em n\u00famero frente \u00e0s demandas de opositores e exilados cubanos, adquire uma dimens\u00e3o simb\u00f3lica e moral ao coincidir com a Semana Santa. Ela evoca valores crist\u00e3os de miseric\u00f3rdia, reden\u00e7\u00e3o e reconcilia\u00e7\u00e3o, e demonstra, mais uma vez, o peso da Santa S\u00e9 em promover avan\u00e7os humanit\u00e1rios em situa\u00e7\u00f5es complexas.<\/p>\n<p>O debate sobre presos pol\u00edticos em Cuba permanece aberto, e a comunidade internacional \u2014 incluindo a Igreja \u2014 segue acompanhando de perto os desdobramentos. Por enquanto, o gesto anunciado representa um passo modesto, mas significativo, no di\u00e1logo entre Havana e o Vaticano, em um contexto de desafios crescentes para o regime cubano.<\/p>\n<p>&nbsp;<\/p>\n<p>Reda\u00e7\u00e3o RC, com informa\u00e7oes, Gaudium Press<\/p>\n","protected":false},"excerpt":{"rendered":"<p>Foto: Wikipedia Rep\u00f3rter Cat\u00f3lico 15\/03\/26 O Minist\u00e9rio das Rela\u00e7\u00f5es Exteriores de Cuba divulgou um comunicado dest &#8230; <a class=\"cz_readmore cz_readmore_no_title\" href=\"https:\/\/www.reportercatolico.com.br\/radio\/site\/apos-conversas-com-o-vaticano-cuba-libertara-51-presos\/\"><i class=\"fa fa-angle-right\" aria-hidden=\"true\"><\/i><span><\/span><\/a><\/p>\n","protected":false},"author":1,"featured_media":6003,"comment_status":"closed","ping_status":"closed","sticky":false,"template":"","format":"standard","meta":{"rs_blank_template":"","rs_page_bg_color":"","slide_template_v7":"","footnotes":""},"categories":[1],"tags":[],"class_list":["post-6001","post","type-post","status-publish","format-standard","has-post-thumbnail","hentry","category-noticias"],"_links":{"self":[{"href":"https:\/\/www.reportercatolico.com.br\/radio\/site\/wp-json\/wp\/v2\/posts\/6001","targetHints":{"allow":["GET"]}}],"collection":[{"href":"https:\/\/www.reportercatolico.com.br\/radio\/site\/wp-json\/wp\/v2\/posts"}],"about":[{"href":"https:\/\/www.reportercatolico.com.br\/radio\/site\/wp-json\/wp\/v2\/types\/post"}],"author":[{"embeddable":true,"href":"https:\/\/www.reportercatolico.com.br\/radio\/site\/wp-json\/wp\/v2\/users\/1"}],"replies":[{"embeddable":true,"href":"https:\/\/www.reportercatolico.com.br\/radio\/site\/wp-json\/wp\/v2\/comments?post=6001"}],"version-history":[{"count":0,"href":"https:\/\/www.reportercatolico.com.br\/radio\/site\/wp-json\/wp\/v2\/posts\/6001\/revisions"}],"wp:featuredmedia":[{"embeddable":true,"href":"https:\/\/www.reportercatolico.com.br\/radio\/site\/wp-json\/wp\/v2\/media\/6003"}],"wp:attachment":[{"href":"https:\/\/www.reportercatolico.com.br\/radio\/site\/wp-json\/wp\/v2\/media?parent=6001"}],"wp:term":[{"taxonomy":"category","embeddable":true,"href":"https:\/\/www.reportercatolico.com.br\/radio\/site\/wp-json\/wp\/v2\/categories?post=6001"},{"taxonomy":"post_tag","embeddable":true,"href":"https:\/\/www.reportercatolico.com.br\/radio\/site\/wp-json\/wp\/v2\/tags?post=6001"}],"curies":[{"name":"wp","href":"https:\/\/api.w.org\/{rel}","templated":true}]}}