{"id":6207,"date":"2026-04-01T20:26:13","date_gmt":"2026-04-01T23:26:13","guid":{"rendered":"https:\/\/www.reportercatolico.com.br\/radio\/site\/?p=6207"},"modified":"2026-04-01T20:33:36","modified_gmt":"2026-04-01T23:33:36","slug":"diocese-de-jequie-pe-borges-participa-da-parada-geral-do-19o-bpm","status":"publish","type":"post","link":"https:\/\/www.reportercatolico.com.br\/radio\/site\/diocese-de-jequie-pe-borges-participa-da-parada-geral-do-19o-bpm\/","title":{"rendered":"Diocese de Jequi\u00e9 &#8211; Pe. Borges participa da parada Geral do 19\u00ba BPM"},"content":{"rendered":"<p><strong>Rep\u00f3rter Cat\u00f3lico 01\/04\/26<\/strong><\/p>\n<p>Na manh\u00e3 de ter\u00e7a, 31 de mar\u00e7o, o Major Capel\u00e3o da For\u00e7a A\u00e9rea Brasileira e vig\u00e1rio paroquial da Par\u00f3quia Catedral de Santo Ant\u00f4nio de Jequi\u00e9, Padre Borges, foi convidado pelo Comandante do 19\u00ba BPM, Cristiano Silva Mendes Gouveia, para participar da segunda Parada Geral, de 2026, realizada \u00e0s 09h, no audit\u00f3rio do Col\u00e9gio Navarro Brito, no Bairro Km3.<\/p>\n<p>Na oportunidade, o Padre Borges ministrou uma mensagem b\u00edblica alusiva ao per\u00edodo pascal, trazendo reflex\u00f5es importantes para os presentes, disse &#8220;a P\u00e1scoa \u00e9 mais do que celebrar que Cristo vive.<br \/>\n\u00c9 viver como algu\u00e9m que j\u00e1 experimenta essa vida nova. Que, no cotidiano do batalh\u00e3o, nas ruas de Jequi\u00e9, nas decis\u00f5es r\u00e1pidas e dif\u00edceis, voc\u00eas possam ser sinais de algo maior:\u00a0da vida que vence a morte, da luz que vence as trevas, da esperan\u00e7a que nunca se apaga. Que Cristo Ressuscitado caminhe com cada um de voc\u00eas &#8220;.<\/p>\n<p>O Comandante do 19\u00baBPM, fez a entrega do T\u00edtulo de Policial Padr\u00e3o e de Guarni\u00e7\u00e3o Destaque aos policiais militares que se sobressa\u00edram nos meses de janeiro e fevereiro, em reconhecimento ao empenho e dedica\u00e7\u00e3o no cumprimento de suas fun\u00e7\u00f5es.<\/p>\n<p>Durante a ocasi\u00e3o, foram alinhadas diretrizes relevantes para a tropa, refor\u00e7ando o compromisso com a disciplina, a \u00e9tica e a excel\u00eancia no servi\u00e7o policial militar.<\/p>\n<p>Na solenidade, foi prestada uma singela e merecida homenagem \u00e1 sub tenente PM Waldinete, em reconhecimento \u00e0 sua brilhante trajet\u00f3ria na Pol\u00edcia Militar, que agora se encerra com sua ida para a t\u00e3o almejada reserva.<\/p>\n<p>Reda\u00e7\u00e3o Rep\u00f3rter Cat\u00f3lico, com informa\u00e7\u00f5es da ASCOM\/19\u00b0BPM<\/p>\n","protected":false},"excerpt":{"rendered":"<p>Rep\u00f3rter Cat\u00f3lico 01\/04\/26 Na manh\u00e3 de ter\u00e7a, 31 de mar\u00e7o, o Major Capel\u00e3o da For\u00e7a A\u00e9rea Brasileira e vig\u00e1rio  &#8230; <a class=\"cz_readmore cz_readmore_no_title\" href=\"https:\/\/www.reportercatolico.com.br\/radio\/site\/diocese-de-jequie-pe-borges-participa-da-parada-geral-do-19o-bpm\/\"><i class=\"fa fa-angle-right\" aria-hidden=\"true\"><\/i><span><\/span><\/a><\/p>\n","protected":false},"author":1,"featured_media":6209,"comment_status":"closed","ping_status":"closed","sticky":false,"template":"","format":"standard","meta":{"rs_blank_template":"","rs_page_bg_color":"","slide_template_v7":"","footnotes":""},"categories":[1],"tags":[],"class_list":["post-6207","post","type-post","status-publish","format-standard","has-post-thumbnail","hentry","category-noticias"],"_links":{"self":[{"href":"https:\/\/www.reportercatolico.com.br\/radio\/site\/wp-json\/wp\/v2\/posts\/6207","targetHints":{"allow":["GET"]}}],"collection":[{"href":"https:\/\/www.reportercatolico.com.br\/radio\/site\/wp-json\/wp\/v2\/posts"}],"about":[{"href":"https:\/\/www.reportercatolico.com.br\/radio\/site\/wp-json\/wp\/v2\/types\/post"}],"author":[{"embeddable":true,"href":"https:\/\/www.reportercatolico.com.br\/radio\/site\/wp-json\/wp\/v2\/users\/1"}],"replies":[{"embeddable":true,"href":"https:\/\/www.reportercatolico.com.br\/radio\/site\/wp-json\/wp\/v2\/comments?post=6207"}],"version-history":[{"count":0,"href":"https:\/\/www.reportercatolico.com.br\/radio\/site\/wp-json\/wp\/v2\/posts\/6207\/revisions"}],"wp:featuredmedia":[{"embeddable":true,"href":"https:\/\/www.reportercatolico.com.br\/radio\/site\/wp-json\/wp\/v2\/media\/6209"}],"wp:attachment":[{"href":"https:\/\/www.reportercatolico.com.br\/radio\/site\/wp-json\/wp\/v2\/media?parent=6207"}],"wp:term":[{"taxonomy":"category","embeddable":true,"href":"https:\/\/www.reportercatolico.com.br\/radio\/site\/wp-json\/wp\/v2\/categories?post=6207"},{"taxonomy":"post_tag","embeddable":true,"href":"https:\/\/www.reportercatolico.com.br\/radio\/site\/wp-json\/wp\/v2\/tags?post=6207"}],"curies":[{"name":"wp","href":"https:\/\/api.w.org\/{rel}","templated":true}]}}