{"id":6400,"date":"2026-04-16T17:53:49","date_gmt":"2026-04-16T20:53:49","guid":{"rendered":"https:\/\/www.reportercatolico.com.br\/radio\/site\/?p=6400"},"modified":"2026-04-16T18:32:07","modified_gmt":"2026-04-16T21:32:07","slug":"brejoes-paroquia-n-sra-da-conceicao-comemorou-105-anos-de-evangelizacao","status":"publish","type":"post","link":"https:\/\/www.reportercatolico.com.br\/radio\/site\/brejoes-paroquia-n-sra-da-conceicao-comemorou-105-anos-de-evangelizacao\/","title":{"rendered":"Brej\u00f5es &#8211; Par\u00f3quia N. Sra. da Concei\u00e7\u00e3o comemorou 105 anos de evangeliza\u00e7\u00e3o"},"content":{"rendered":"<p><strong>Rep\u00f3rter Cat\u00f3lico 16\/04\/26\u00a0 \u00a0 \u00a0&#8211;\u00a0 \u00a0Fotos <a href=\"https:\/\/www.facebook.com\/ReporterCatolico\/\">https:\/\/www.facebook.com\/ReporterCatolico\/<\/a><\/strong><\/p>\n<p>A Par\u00f3quia Nossa Senhora da Concei\u00e7\u00e3o, em Brej\u00f5es, celebrou na manh\u00e3 de domingo, 12 de abril, no hor\u00e1rio das 10h, seus 105 anos de funda\u00e7\u00e3o com uma programa\u00e7\u00e3o especial que reuniu f\u00e9, tradi\u00e7\u00e3o e confraterniza\u00e7\u00e3o. A data foi marcada por uma Missa em A\u00e7\u00e3o de Gra\u00e7as que contou com a participa\u00e7\u00e3o de fi\u00e9is, lideran\u00e7as religiosas e membros da comunidade local.<\/p>\n<p>A celebra\u00e7\u00e3o foi presidida pelo p\u00e1roco Padre Jos\u00e9 Ant\u00f4nio e concelebrada pelo Vig\u00e1rio-Geral da Diocese de Jequi\u00e9 e cura da Catedral de Santo Ant\u00f4nio, Padre Roberto Oliveira Silva, natural de Brej\u00f5es. Durante a homilia, Pe. Roberto levou uma mensagem de f\u00e9, esperan\u00e7a e gratid\u00e3o pela trajet\u00f3ria centen\u00e1ria da par\u00f3quia, reconhecida como um dos principais s\u00edmbolos de espiritualidade no munic\u00edpio.<\/p>\n<p>Ap\u00f3s a missa, o p\u00e1roco Padre Jos\u00e9 Ant\u00f4nio realizou a inaugura\u00e7\u00e3o do sino eletr\u00f4nico, um equipamento moderno e funcional que passa a integrar a rotina da igreja, sendo utilizado em momentos importantes da vida religiosa e social da cidade.<\/p>\n<p>Encerrando as comemora\u00e7\u00f5es, foi promovido um almo\u00e7o de confraterniza\u00e7\u00e3o na quadra de esportes do Col\u00e9gio G\u00f3es Calmon, reunindo a comunidade cat\u00f3lica em um momento de partilha e alegria. O evento contou ainda com apresenta\u00e7\u00e3o ao vivo do cantor Jorge Caf\u00e9, que animou o p\u00fablico presente.<\/p>\n<p>Fundada em 12 de abril de 1921, a Par\u00f3quia Nossa Senhora da Concei\u00e7\u00e3o chega a 2026 com mais de um s\u00e9culo de atua\u00e7\u00e3o evangelizadora, desempenhando papel fundamental na forma\u00e7\u00e3o espiritual de diversas gera\u00e7\u00f5es de brejoenses.<\/p>\n<p>A celebra\u00e7\u00e3o refor\u00e7ou a import\u00e2ncia da par\u00f3quia como espa\u00e7o de acolhimento, evangeliza\u00e7\u00e3o e uni\u00e3o, consolidando sua relev\u00e2ncia hist\u00f3rica, cultural e religiosa para o munic\u00edpio de Brej\u00f5es e toda a regi\u00e3o.<\/p>\n<p>Reda\u00e7\u00e3o RC, com informa\u00e7\u00f5es do radialista Jair Medrado\/Portal Brej\u00f5es 24h<\/p>\n","protected":false},"excerpt":{"rendered":"<p>Rep\u00f3rter Cat\u00f3lico 16\/04\/26\u00a0 \u00a0 \u00a0&#8211;\u00a0 \u00a0Fotos https:\/\/www.facebook.com\/ReporterCatolico\/ A Par\u00f3quia Nossa Senho &#8230; <a class=\"cz_readmore cz_readmore_no_title\" href=\"https:\/\/www.reportercatolico.com.br\/radio\/site\/brejoes-paroquia-n-sra-da-conceicao-comemorou-105-anos-de-evangelizacao\/\"><i class=\"fa fa-angle-right\" aria-hidden=\"true\"><\/i><span><\/span><\/a><\/p>\n","protected":false},"author":1,"featured_media":6402,"comment_status":"closed","ping_status":"closed","sticky":false,"template":"","format":"standard","meta":{"rs_blank_template":"","rs_page_bg_color":"","slide_template_v7":"","footnotes":""},"categories":[1],"tags":[],"class_list":["post-6400","post","type-post","status-publish","format-standard","has-post-thumbnail","hentry","category-noticias"],"_links":{"self":[{"href":"https:\/\/www.reportercatolico.com.br\/radio\/site\/wp-json\/wp\/v2\/posts\/6400","targetHints":{"allow":["GET"]}}],"collection":[{"href":"https:\/\/www.reportercatolico.com.br\/radio\/site\/wp-json\/wp\/v2\/posts"}],"about":[{"href":"https:\/\/www.reportercatolico.com.br\/radio\/site\/wp-json\/wp\/v2\/types\/post"}],"author":[{"embeddable":true,"href":"https:\/\/www.reportercatolico.com.br\/radio\/site\/wp-json\/wp\/v2\/users\/1"}],"replies":[{"embeddable":true,"href":"https:\/\/www.reportercatolico.com.br\/radio\/site\/wp-json\/wp\/v2\/comments?post=6400"}],"version-history":[{"count":5,"href":"https:\/\/www.reportercatolico.com.br\/radio\/site\/wp-json\/wp\/v2\/posts\/6400\/revisions"}],"predecessor-version":[{"id":6406,"href":"https:\/\/www.reportercatolico.com.br\/radio\/site\/wp-json\/wp\/v2\/posts\/6400\/revisions\/6406"}],"wp:featuredmedia":[{"embeddable":true,"href":"https:\/\/www.reportercatolico.com.br\/radio\/site\/wp-json\/wp\/v2\/media\/6402"}],"wp:attachment":[{"href":"https:\/\/www.reportercatolico.com.br\/radio\/site\/wp-json\/wp\/v2\/media?parent=6400"}],"wp:term":[{"taxonomy":"category","embeddable":true,"href":"https:\/\/www.reportercatolico.com.br\/radio\/site\/wp-json\/wp\/v2\/categories?post=6400"},{"taxonomy":"post_tag","embeddable":true,"href":"https:\/\/www.reportercatolico.com.br\/radio\/site\/wp-json\/wp\/v2\/tags?post=6400"}],"curies":[{"name":"wp","href":"https:\/\/api.w.org\/{rel}","templated":true}]}}