{"id":6428,"date":"2026-04-17T20:57:14","date_gmt":"2026-04-17T23:57:14","guid":{"rendered":"https:\/\/www.reportercatolico.com.br\/radio\/site\/?p=6428"},"modified":"2026-04-17T21:00:52","modified_gmt":"2026-04-18T00:00:52","slug":"minas-recebe-imagem-peregrina-de-sao-miguel-arcanjo","status":"publish","type":"post","link":"https:\/\/www.reportercatolico.com.br\/radio\/site\/minas-recebe-imagem-peregrina-de-sao-miguel-arcanjo\/","title":{"rendered":"Minas recebe imagem peregrina de S\u00e3o Miguel Arcanjo"},"content":{"rendered":"<p><strong>Rep\u00f3rter Cat\u00f3lico 17\/04\/26\u00a0 \u00a0<\/strong><\/p>\n<p>Peregrina\u00e7\u00e3o, de iniciativa do Instituto Hesed, j\u00e1 reuniu 300mil fi\u00e9is em 21 edi\u00e7\u00f5es e estar\u00e1 em Leopoldina no dia 24\/4<\/p>\n<p>O estado de Minas Gerais ser\u00e1 o destino da imagem peregrina do arcanjo S\u00e3o Miguel neste m\u00eas de abril. No pr\u00f3ximo dia 24 (sexta-feira), \u00e0s 19h30, em Leopoldina, fi\u00e9is se reunir\u00e3o para uma noite de louvor, adora\u00e7\u00e3o e consagra\u00e7\u00e3o. Leopoldina \u00e9 a primeira cidade do estado a receber a imagem que peregrina pelo Brasil desde julho do ano passado e que j\u00e1 reuniu aproximadamente 300 mil pessoas.<br \/>\nO evento come\u00e7ar\u00e1 na Catedral de S\u00e3o Sebasti\u00e3o, de onde uma prociss\u00e3o luminosa sair\u00e1 pelas ruas da cidade at\u00e9 o Parque de Exposi\u00e7\u00e3o Jos\u00e9 Ribeiro dos Reis. No parque, a imagem ser\u00e1 recebida por dom Edson Jos\u00e9 Oriolo dos Santos, bispo de Leopoldina, que presidir\u00e1 uma missa com a consagra\u00e7\u00e3o da diocese a S\u00e3o Miguel.<\/p>\n<p>As dioceses de Jana\u00faba (02\/05), Janu\u00e1ria (21\/06) e Ituiutaba (19\/09) tamb\u00e9m receber\u00e3o neste ano a peregrina\u00e7\u00e3o promovida pelo Instituto Hesed. Vinda da It\u00e1lia, do Santu\u00e1rio do Monte Gargano, hist\u00f3rica igreja do s\u00e9culo V, a primeira no Ocidente dedicada a S\u00e3o Miguel Arcanjo, a imagem j\u00e1 percorreu em solo brasileiro mais de 11 mil quil\u00f4metros.<\/p>\n<p>Al\u00e9m da prociss\u00e3o luminosa e da eucaristia com a consagra\u00e7\u00e3o da diocese, a noite de ora\u00e7\u00e3o em Leopoldina ainda contar\u00e1 com o Santo Ros\u00e1rio com as participa\u00e7\u00f5es das irm\u00e3s Maria Raquel e Maria Joana do Instituto Hesed, conhecidas pela ora\u00e7\u00e3o pelas redes sociais do Ros\u00e1rio da Madrugada. A entrada \u00e9 gratuita, mas os peregrinos s\u00e3o convidados a doar um quilo de alimento n\u00e3o perec\u00edvel, que ser\u00e1 distribu\u00eddo para obras sociais da regi\u00e3o. Nas 21 etapas anteriores, foram arrecadados mais de 37 toneladas de alimentos.<\/p>\n<p><strong>Servi\u00e7o<\/strong><\/p>\n<p><strong>Peregrina\u00e7\u00e3o da Imagem Oficial de S\u00e3o Miguel Arcanjo \u2013 Miss\u00e3o do Instituto Hesed<\/strong><\/p>\n<p>Data: 24 de abril de 2026<\/p>\n<p>Hor\u00e1rio: A partir das 19h30<\/p>\n<p>Local: Parque de Exposi\u00e7\u00e3o Jos\u00e9 Ribeiro dos Reis, Rua Coronel Olivier Farjado, 157, Leopoldina-MG<\/p>\n","protected":false},"excerpt":{"rendered":"<p>Rep\u00f3rter Cat\u00f3lico 17\/04\/26\u00a0 \u00a0 Peregrina\u00e7\u00e3o, de iniciativa do Instituto Hesed, j\u00e1 reuniu 300mil fi\u00e9is em 21 edi\u00e7 &#8230; <a class=\"cz_readmore cz_readmore_no_title\" href=\"https:\/\/www.reportercatolico.com.br\/radio\/site\/minas-recebe-imagem-peregrina-de-sao-miguel-arcanjo\/\"><i class=\"fa fa-angle-right\" aria-hidden=\"true\"><\/i><span><\/span><\/a><\/p>\n","protected":false},"author":1,"featured_media":6430,"comment_status":"closed","ping_status":"closed","sticky":false,"template":"","format":"standard","meta":{"rs_blank_template":"","rs_page_bg_color":"","slide_template_v7":"","footnotes":""},"categories":[1],"tags":[],"class_list":["post-6428","post","type-post","status-publish","format-standard","has-post-thumbnail","hentry","category-noticias"],"_links":{"self":[{"href":"https:\/\/www.reportercatolico.com.br\/radio\/site\/wp-json\/wp\/v2\/posts\/6428","targetHints":{"allow":["GET"]}}],"collection":[{"href":"https:\/\/www.reportercatolico.com.br\/radio\/site\/wp-json\/wp\/v2\/posts"}],"about":[{"href":"https:\/\/www.reportercatolico.com.br\/radio\/site\/wp-json\/wp\/v2\/types\/post"}],"author":[{"embeddable":true,"href":"https:\/\/www.reportercatolico.com.br\/radio\/site\/wp-json\/wp\/v2\/users\/1"}],"replies":[{"embeddable":true,"href":"https:\/\/www.reportercatolico.com.br\/radio\/site\/wp-json\/wp\/v2\/comments?post=6428"}],"version-history":[{"count":2,"href":"https:\/\/www.reportercatolico.com.br\/radio\/site\/wp-json\/wp\/v2\/posts\/6428\/revisions"}],"predecessor-version":[{"id":6431,"href":"https:\/\/www.reportercatolico.com.br\/radio\/site\/wp-json\/wp\/v2\/posts\/6428\/revisions\/6431"}],"wp:featuredmedia":[{"embeddable":true,"href":"https:\/\/www.reportercatolico.com.br\/radio\/site\/wp-json\/wp\/v2\/media\/6430"}],"wp:attachment":[{"href":"https:\/\/www.reportercatolico.com.br\/radio\/site\/wp-json\/wp\/v2\/media?parent=6428"}],"wp:term":[{"taxonomy":"category","embeddable":true,"href":"https:\/\/www.reportercatolico.com.br\/radio\/site\/wp-json\/wp\/v2\/categories?post=6428"},{"taxonomy":"post_tag","embeddable":true,"href":"https:\/\/www.reportercatolico.com.br\/radio\/site\/wp-json\/wp\/v2\/tags?post=6428"}],"curies":[{"name":"wp","href":"https:\/\/api.w.org\/{rel}","templated":true}]}}