{"id":6432,"date":"2026-04-17T22:02:49","date_gmt":"2026-04-18T01:02:49","guid":{"rendered":"https:\/\/www.reportercatolico.com.br\/radio\/site\/?p=6432"},"modified":"2026-04-17T22:10:55","modified_gmt":"2026-04-18T01:10:55","slug":"belem-do-para-bicentenario-de-nascimento-do-beato-antonio-chevrier","status":"publish","type":"post","link":"https:\/\/www.reportercatolico.com.br\/radio\/site\/belem-do-para-bicentenario-de-nascimento-do-beato-antonio-chevrier\/","title":{"rendered":"Bel\u00e9m do Par\u00e1 &#8211; Bicenten\u00e1rio de nascimento do beato Ant\u00f4nio Chevrier"},"content":{"rendered":"<p><strong>Rep\u00f3rter Cat\u00f3lico 17\/04\/26\u00a0 \u00a0Fotos\u00a0<a href=\"https:\/\/www.facebook.com\/ReporterCatolico\/\">https:\/\/www.facebook.com\/ReporterCatolico\/<\/a><\/strong><\/p>\n<p>O p\u00e1roco da Catedral de Nossa Senhora da Concei\u00e7\u00e3o do Araguaia, padre Raimundo Soares dos Santos, pertence \u00e0 diocese de Jequi\u00e9, em miss\u00e3o nas terras Araquias, esteve em Bel\u00e9m do Par\u00e1 para participar do Encontro Estadual dos Padres do Prado, do qual \u00e9 membro.<\/p>\n<p>Disse padre Raimundo: \u201cA miss\u00e3o vai al\u00e9m dos limites da Diocese de Sant\u00edssima Concei\u00e7\u00e3o; foi um momento de conviv\u00eancia fraterna, estudos e ora\u00e7\u00f5es. E o ponto alto foi a promo\u00e7\u00e3o vocacional que realizamos com os seminaristas de v\u00e1rias dioceses daqui do Norte\u201d.<\/p>\n<p>Depois de apresentar o Prado como fam\u00edlia espiritual para os padres diocesanos e aos seminaristas, foi celebrada a santa missa de encerramento do encontro e do Bicenten\u00e1rio de nascimento do Beato Ant\u00f4nio Cheverier, que \u00e9 o fundador do Prado.<\/p>\n<p>A Associa\u00e7\u00e3o dos Padres do Prado \u00e9 fruto de uma gra\u00e7a concedida pelo Esp\u00edrito Santo \u00e0 Igreja na pessoa de Antoine Chevrier, padre da diocese de Lyon, para a evangeliza\u00e7\u00e3o dos pobres.<\/p>\n<p>A gra\u00e7a do Prado \u00e9 algo que nos \u00e9 dado, gratuitamente; n\u00e3o \u00e9 nossa, nem partiu de n\u00f3s. A voca\u00e7\u00e3o do Prado nasce no seio da Igreja e \u00e9 uma gra\u00e7a que deve ser posta ao servi\u00e7o da mesma. \u00c9 na Igreja que cresce a nossa voca\u00e7\u00e3o pradosiana de disc\u00edpulos e ap\u00f3stolos de Jesus. O Prado n\u00e3o existe para si mesmo, mas para a Igreja.<\/p>\n","protected":false},"excerpt":{"rendered":"<p>Rep\u00f3rter Cat\u00f3lico 17\/04\/26\u00a0 \u00a0Fotos\u00a0https:\/\/www.facebook.com\/ReporterCatolico\/ O p\u00e1roco da Catedral de Nossa Senhor &#8230; <a class=\"cz_readmore cz_readmore_no_title\" href=\"https:\/\/www.reportercatolico.com.br\/radio\/site\/belem-do-para-bicentenario-de-nascimento-do-beato-antonio-chevrier\/\"><i class=\"fa fa-angle-right\" aria-hidden=\"true\"><\/i><span><\/span><\/a><\/p>\n","protected":false},"author":1,"featured_media":6434,"comment_status":"closed","ping_status":"closed","sticky":false,"template":"","format":"standard","meta":{"rs_blank_template":"","rs_page_bg_color":"","slide_template_v7":"","footnotes":""},"categories":[1],"tags":[],"class_list":["post-6432","post","type-post","status-publish","format-standard","has-post-thumbnail","hentry","category-noticias"],"_links":{"self":[{"href":"https:\/\/www.reportercatolico.com.br\/radio\/site\/wp-json\/wp\/v2\/posts\/6432","targetHints":{"allow":["GET"]}}],"collection":[{"href":"https:\/\/www.reportercatolico.com.br\/radio\/site\/wp-json\/wp\/v2\/posts"}],"about":[{"href":"https:\/\/www.reportercatolico.com.br\/radio\/site\/wp-json\/wp\/v2\/types\/post"}],"author":[{"embeddable":true,"href":"https:\/\/www.reportercatolico.com.br\/radio\/site\/wp-json\/wp\/v2\/users\/1"}],"replies":[{"embeddable":true,"href":"https:\/\/www.reportercatolico.com.br\/radio\/site\/wp-json\/wp\/v2\/comments?post=6432"}],"version-history":[{"count":3,"href":"https:\/\/www.reportercatolico.com.br\/radio\/site\/wp-json\/wp\/v2\/posts\/6432\/revisions"}],"predecessor-version":[{"id":6436,"href":"https:\/\/www.reportercatolico.com.br\/radio\/site\/wp-json\/wp\/v2\/posts\/6432\/revisions\/6436"}],"wp:featuredmedia":[{"embeddable":true,"href":"https:\/\/www.reportercatolico.com.br\/radio\/site\/wp-json\/wp\/v2\/media\/6434"}],"wp:attachment":[{"href":"https:\/\/www.reportercatolico.com.br\/radio\/site\/wp-json\/wp\/v2\/media?parent=6432"}],"wp:term":[{"taxonomy":"category","embeddable":true,"href":"https:\/\/www.reportercatolico.com.br\/radio\/site\/wp-json\/wp\/v2\/categories?post=6432"},{"taxonomy":"post_tag","embeddable":true,"href":"https:\/\/www.reportercatolico.com.br\/radio\/site\/wp-json\/wp\/v2\/tags?post=6432"}],"curies":[{"name":"wp","href":"https:\/\/api.w.org\/{rel}","templated":true}]}}