{"id":6437,"date":"2026-04-18T10:46:52","date_gmt":"2026-04-18T13:46:52","guid":{"rendered":"https:\/\/www.reportercatolico.com.br\/radio\/site\/?p=6437"},"modified":"2026-04-18T10:51:34","modified_gmt":"2026-04-18T13:51:34","slug":"diocese-de-jequie-se-despede-de-padre-luiz-simbolo-de-fe-e-dedicacao-ao-povo","status":"publish","type":"post","link":"https:\/\/www.reportercatolico.com.br\/radio\/site\/diocese-de-jequie-se-despede-de-padre-luiz-simbolo-de-fe-e-dedicacao-ao-povo\/","title":{"rendered":"Diocese de Jequi\u00e9 se despede de Padre Luiz, s\u00edmbolo de f\u00e9 e dedica\u00e7\u00e3o ao povo"},"content":{"rendered":"<p><strong>Rep\u00f3rter Cat\u00f3lico 18\/04\/26\u00a0 \u00a0<\/strong><\/p>\n<p>Padre Luigi Porcari, carinhosamente conhecido como Padre Luiz. Ap\u00f3s mais de quatro d\u00e9cadas dedicadas \u00e0 miss\u00e3o evangelizadora no Brasil,\u00a0 retorna \u00e0 sua terra natal, na It\u00e1lia, deixando um legado marcado pela f\u00e9, simplicidade e amor ao povo baiano.<\/p>\n<p>A Santa Missa de despedida foi celebrada domingo, 12 de abril, \u00e0s 18h, no Santu\u00e1rio Jesus Crucificado, no Convento de Jequi\u00e9. A celebra\u00e7\u00e3o\u00a0 reuniu fi\u00e9is, amigos e admiradores que, ao longo dos anos, foram tocados por sua presen\u00e7a acolhedora e seu incans\u00e1vel trabalho pastoral.<\/p>\n<p>Nascido em 19 de fevereiro de 1947, na cidade de Rocca Priora, em Roma, Padre Luiz \u00e9 filho de Natale e Gertrude Porcari. Desde cedo, sua vida foi inspirada pela f\u00e9 crist\u00e3 e pelo carisma passionista, que moldaram sua voca\u00e7\u00e3o religiosa e seu estilo simples e dedicado de servir. Realizou seu noviciado no Convento de S\u00e3o Jos\u00e9, fundado por S\u00e3o Paulo da Cruz, e fez sua profiss\u00e3o religiosa em 29 de outubro de 1964.<\/p>\n<p>Movido pelo esp\u00edrito mission\u00e1rio, chegou ao Brasil em janeiro de 1981, onde iniciou uma trajet\u00f3ria marcada pela generosidade e compromisso com a evangeliza\u00e7\u00e3o. Foi ordenado sacerdote em 25 de agosto de 1985, na cidade de Itabuna. Ao longo de 45 anos de miss\u00e3o passionista no pa\u00eds, atuou nas cidades de Itabuna, Salvador, Jequi\u00e9 e Boa Nova, sempre a servi\u00e7o das dioceses locais.<\/p>\n<p>Em Jequi\u00e9, onde vive h\u00e1 18 anos, Padre Luiz construiu uma rela\u00e7\u00e3o profunda com a comunidade. No Santu\u00e1rio Jesus Crucificado e na Par\u00f3quia Nossa Senhora do Perp\u00e9tuo Socorro, deixou marcas que v\u00e3o al\u00e9m das celebra\u00e7\u00f5es lit\u00fargicas. Seu trabalho de catequiza\u00e7\u00e3o e evangeliza\u00e7\u00e3o nos lares se tornou uma de suas maiores contribui\u00e7\u00f5es, aproximando a Igreja das fam\u00edlias e fortalecendo a f\u00e9 nas comunidades.<\/p>\n<p>Como reconhecimento por sua dedica\u00e7\u00e3o, recebeu em fevereiro deste ano o t\u00edtulo de cidad\u00e3o jequieense \u2014 uma homenagem que simboliza o carinho e a gratid\u00e3o de um povo que o acolheu como filho.<\/p>\n<p>Sua partida representa n\u00e3o apenas o encerramento de um ciclo, mas tamb\u00e9m a celebra\u00e7\u00e3o de uma miss\u00e3o cumprida com amor e fidelidade. Padre Luiz retorna \u00e0 It\u00e1lia levando consigo as mem\u00f3rias, as amizades e as ora\u00e7\u00f5es de todos aqueles que tiveram suas vidas transformadas por seu minist\u00e9rio.<\/p>\n<p>Para a Igreja em Jequi\u00e9, fica o legado de um pastor que soube viver o Evangelho de forma concreta, pr\u00f3xima e humana. Sua hist\u00f3ria permanece viva na f\u00e9 do povo, como testemunho de servi\u00e7o, entrega e esperan\u00e7a.<\/p>\n<p>Por Marcos Cangussu<\/p>\n<p>&nbsp;<\/p>\n","protected":false},"excerpt":{"rendered":"<p>Rep\u00f3rter Cat\u00f3lico 18\/04\/26\u00a0 \u00a0 Padre Luigi Porcari, carinhosamente conhecido como Padre Luiz. Ap\u00f3s mais de quatro d? &#8230; <a class=\"cz_readmore cz_readmore_no_title\" href=\"https:\/\/www.reportercatolico.com.br\/radio\/site\/diocese-de-jequie-se-despede-de-padre-luiz-simbolo-de-fe-e-dedicacao-ao-povo\/\"><i class=\"fa fa-angle-right\" aria-hidden=\"true\"><\/i><span><\/span><\/a><\/p>\n","protected":false},"author":1,"featured_media":6439,"comment_status":"closed","ping_status":"closed","sticky":false,"template":"","format":"standard","meta":{"rs_blank_template":"","rs_page_bg_color":"","slide_template_v7":"","footnotes":""},"categories":[1],"tags":[],"class_list":["post-6437","post","type-post","status-publish","format-standard","has-post-thumbnail","hentry","category-noticias"],"_links":{"self":[{"href":"https:\/\/www.reportercatolico.com.br\/radio\/site\/wp-json\/wp\/v2\/posts\/6437","targetHints":{"allow":["GET"]}}],"collection":[{"href":"https:\/\/www.reportercatolico.com.br\/radio\/site\/wp-json\/wp\/v2\/posts"}],"about":[{"href":"https:\/\/www.reportercatolico.com.br\/radio\/site\/wp-json\/wp\/v2\/types\/post"}],"author":[{"embeddable":true,"href":"https:\/\/www.reportercatolico.com.br\/radio\/site\/wp-json\/wp\/v2\/users\/1"}],"replies":[{"embeddable":true,"href":"https:\/\/www.reportercatolico.com.br\/radio\/site\/wp-json\/wp\/v2\/comments?post=6437"}],"version-history":[{"count":2,"href":"https:\/\/www.reportercatolico.com.br\/radio\/site\/wp-json\/wp\/v2\/posts\/6437\/revisions"}],"predecessor-version":[{"id":6440,"href":"https:\/\/www.reportercatolico.com.br\/radio\/site\/wp-json\/wp\/v2\/posts\/6437\/revisions\/6440"}],"wp:featuredmedia":[{"embeddable":true,"href":"https:\/\/www.reportercatolico.com.br\/radio\/site\/wp-json\/wp\/v2\/media\/6439"}],"wp:attachment":[{"href":"https:\/\/www.reportercatolico.com.br\/radio\/site\/wp-json\/wp\/v2\/media?parent=6437"}],"wp:term":[{"taxonomy":"category","embeddable":true,"href":"https:\/\/www.reportercatolico.com.br\/radio\/site\/wp-json\/wp\/v2\/categories?post=6437"},{"taxonomy":"post_tag","embeddable":true,"href":"https:\/\/www.reportercatolico.com.br\/radio\/site\/wp-json\/wp\/v2\/tags?post=6437"}],"curies":[{"name":"wp","href":"https:\/\/api.w.org\/{rel}","templated":true}]}}