{"id":6526,"date":"2026-04-24T18:34:05","date_gmt":"2026-04-24T21:34:05","guid":{"rendered":"https:\/\/www.reportercatolico.com.br\/radio\/site\/?p=6526"},"modified":"2026-04-24T18:36:44","modified_gmt":"2026-04-24T21:36:44","slug":"presidencia-da-cnbb-apresenta-as-principais-definicoes-da-62a-ag-em-coletiva-de-imprensa-de-conclusao-do-evento","status":"publish","type":"post","link":"https:\/\/www.reportercatolico.com.br\/radio\/site\/presidencia-da-cnbb-apresenta-as-principais-definicoes-da-62a-ag-em-coletiva-de-imprensa-de-conclusao-do-evento\/","title":{"rendered":"Presid\u00eancia da CNBB apresenta as principais defini\u00e7\u00f5es da 62\u00aa AG em coletiva de imprensa de conclus\u00e3o do evento"},"content":{"rendered":"<p><strong>Rep\u00f3rter Cat\u00f3lico 24\/04\/26\u00a0 \u00a0<\/strong><\/p>\n<p>A Confer\u00eancia Nacional dos Bispos do Brasil (CNBB) realizou, de 15 a 24 de abril, a 62\u00aa Assembleia Geral (62\u00aa AG CNBB), no Santu\u00e1rio Nacional de Aparecida.<\/p>\n<p>O encontro foi marcado por uma programa\u00e7\u00e3o extensa que trouxe \u00e0 pauta central a aprova\u00e7\u00e3o das novas Diretrizes Gerais da A\u00e7\u00e3o Evangelizadora da Igreja no Brasil (DGAE), al\u00e9m de outros temas, informes e atividades da Confer\u00eancia e dos organismos eclesiais.<\/p>\n<p>Na manh\u00e3 desta sexta-feira, 24 de abril, a presid\u00eancia da CNBB concedeu entrevista coletiva aos ve\u00edculos de imprensa. Na oportunidade, o arcebispo de Porto Alegre (RS) e presidente da Confer\u00eancia, dom Jaime Cardeal Spengler, abordou o tema central da 62\u00aa AG.<\/p>\n<p><strong>A corresponsabilidade com a miss\u00e3o da Igreja<\/strong><\/p>\n<p>Dom Jaime Spengler celebrou a aprova\u00e7\u00e3o novas Diretrizes Gerais da A\u00e7\u00e3o Evangelizadora (DGAE), que foram constru\u00eddas ao longo de tr\u00eas anos com o trabalho intenso de uma comiss\u00e3o. Al\u00e9m disso, destacou que as propostas dos bispos enriqueceram o texto, que chegou ao final com cerca de 1,5 mil contribui\u00e7\u00f5es, emendas e sugest\u00f5es.<\/p>\n<p>\u201cChegamos a um texto que, eu imagino, reflete as necessidades da obra da evangeliza\u00e7\u00e3o hoje no territ\u00f3rio. O texto est\u00e1 dividido em seis cap\u00edtulos. O primeiro, a igreja compreendida como tenda do encontro. A tenda acolhe todos. A tenda pode ser sempre de novo alargada de acordo com as necessidades\u201d, disse.<\/p>\n<p>O presidente da CNBB ainda lembrou que as novas DGAE est\u00e3o alinhadas ao documento final do S\u00ednodo 2021-2024 e s\u00e3o a marca da recep\u00e7\u00e3o do processo sinodal na Igreja Cat\u00f3lica presente no Brasil. \u201cO sexto cap\u00edtulo expressa os nossos compromissos sinodais. Por que esse cap\u00edtulo \u00e9 importante? Porque havia uma decis\u00e3o por parte n\u00e3o s\u00f3 da Assembleia, mas da equipe, de que estas diretrizes estivessem em sintonia com as decis\u00f5es do S\u00ednodo. Mas ainda, que elas expressassem a atua\u00e7\u00e3o do S\u00ednodo nas nossas realidades locais. E aqui ent\u00e3o tratamos dos tr\u00eas grandes compromissos sinodais: convers\u00e3o das rela\u00e7\u00f5es, dos processos e dos v\u00ednculos\u201d, concluiu.<\/p>\n<p><strong>Brasil ser\u00e1 sede de encontros nacionais e continentais<\/strong><\/p>\n<p>O arcebispo de Goi\u00e2nia (GO) e primeiro vice-presidente da CNBB, dom Jo\u00e3o Justino de Medeiros Silva, detalhou a agenda de grandes eventos que ser\u00e3o realizados no Brasil. No ano de 2027, de 20 a 24 de julho, a diocese de Cachoeiro do Itapemirim (ES), vai acolher o 16\u00ba Intereclesial de Comunidades Eclesiais de Base (CEBs).<\/p>\n<p>Dom Jo\u00e3o Justino detalhou a organiza\u00e7\u00e3o do 19\u00ba Congresso Eucar\u00edstico Nacional (CEN), que vai acontecer de 03 a 07 de setembro de 2027, em Goi\u00e2nia (GO). Com o tema \u201cH\u00f3stias vivas no mundo, para a gl\u00f3ria do Pai\u201d, o evento reafirma a centralidade da Eucaristia na vida crist\u00e3. Ele ainda abordou o 7\u00ba Congresso Americano Mission\u00e1rio (CAM 7), agendado para novembro de 2029, em Curitiba (PR).<\/p>\n<p>Com o tema \u201c\u202fAm\u00e9rica em sa\u00edda, povo de Deus que anuncia e testemunha Jesus Cristo\u201d, o CAM 7 ter\u00e1 a participa\u00e7\u00e3o de delega\u00e7\u00f5es de 22 pa\u00edses. Dom Jo\u00e3o Justino pontuou duas a\u00e7\u00f5es que foram aprovadas episcopado na 62\u00aa AG: a realiza\u00e7\u00e3o de um Ano Mission\u00e1rio Nacional entre novembro de 2028 e novembro de 2029, al\u00e9m de uma coleta para subsidiar o evento.<\/p>\n<p><strong>Mensagens da 62\u00aa AG CNBB<\/strong><\/p>\n<p>O arcebispo de Olinda e Recife (PE) e segundo vice-presidente da CNBB, dom Paulo Jackson N\u00f3brega de Sousa, apresentou as quatro mensagens aprovadas pela Assembleia: ao Papa Le\u00e3o XIV, ao prefeito do Dicast\u00e9rio para os Bispos, ao povo de Deus, com destaque para a carta direcionada a todo o povo brasileiro, que aborda a complexa realidade sociopol\u00edtica do pa\u00eds.<\/p>\n<p>\u201cTratamos das problem\u00e1ticas sociais e damos um pouco de destaque ao tema das elei\u00e7\u00f5es, pedindo a \u00e9tica na pol\u00edtica, que se deve evitar compra e venda de votos e que se deve buscar, com crit\u00e9rios \u00e9ticos objetivos, votar em pessoas que de fato possam melhorar o n\u00edvel \u00e9tico do nosso pa\u00eds\u201d, salientou.<\/p>\n<p><strong>Dom Ricardo ressaltou a inova\u00e7\u00e3o e a log\u00edstica da 62\u00aa AG<\/strong><\/p>\n<p>O bispo auxiliar de Bras\u00edlia (DF) secret\u00e1rio-geral da CNBB, dom Ricardo Hoepers, ressaltou o desafio log\u00edstico de gerir o maior episcopado do mundo e as inova\u00e7\u00f5es tecnol\u00f3gicas implementadas nesta 62\u00aa AG. Ele abordou o uso de dispositivos digitais para vota\u00e7\u00f5es e a cria\u00e7\u00e3o de um centro de dados para a Igreja no Brasil.<\/p>\n<p>\u201cDemos um passo na tecnologia. Praticamente em todas as vota\u00e7\u00f5es utilizamos dispositivos para que agilizasse as vota\u00e7\u00f5es. Tivemos a aprova\u00e7\u00e3o muito importante de um centro de dados da Igreja Cat\u00f3lica no Brasil, onde n\u00f3s estamos elaborando esta importante plataforma para que a fonte dos dados da Igreja do Brasil seja fidedigna e a partir da realidade das dioceses\u201d.<\/p>\n<p>Dom Ricardo j\u00e1 lembrou que a CNBB logo vai iniciar o planejamento da edi\u00e7\u00e3o de 2027 da Assembleia. \u201cE assim, estamos j\u00e1 prevendo a pr\u00f3xima Assembleia, que ser\u00e1 eletiva, trazendo o m\u00e1ximo de tecnologia tamb\u00e9m para agilizar os processos\u201d.<\/p>\n<p>Todos os membros da presid\u00eancia fizeram quest\u00e3o de agradecer aos profissionais da imprensa pelo trabalho de cobertura e reverbera\u00e7\u00e3o dos trabalhos da 62\u00aa Assembleia Geral da CNBB.<\/p>\n<p><strong>Por Felipe Padilha &#8211; Comunica\u00e7\u00e3o da 62\u00aa AG CNBB<\/strong><\/p>\n","protected":false},"excerpt":{"rendered":"<p>Rep\u00f3rter Cat\u00f3lico 24\/04\/26\u00a0 \u00a0 A Confer\u00eancia Nacional dos Bispos do Brasil (CNBB) realizou, de 15 a 24 de abril, a 6 &#8230; <a class=\"cz_readmore cz_readmore_no_title\" href=\"https:\/\/www.reportercatolico.com.br\/radio\/site\/presidencia-da-cnbb-apresenta-as-principais-definicoes-da-62a-ag-em-coletiva-de-imprensa-de-conclusao-do-evento\/\"><i class=\"fa fa-angle-right\" aria-hidden=\"true\"><\/i><span><\/span><\/a><\/p>\n","protected":false},"author":1,"featured_media":6528,"comment_status":"closed","ping_status":"closed","sticky":false,"template":"","format":"standard","meta":{"rs_blank_template":"","rs_page_bg_color":"","slide_template_v7":"","footnotes":""},"categories":[1],"tags":[],"class_list":["post-6526","post","type-post","status-publish","format-standard","has-post-thumbnail","hentry","category-noticias"],"_links":{"self":[{"href":"https:\/\/www.reportercatolico.com.br\/radio\/site\/wp-json\/wp\/v2\/posts\/6526","targetHints":{"allow":["GET"]}}],"collection":[{"href":"https:\/\/www.reportercatolico.com.br\/radio\/site\/wp-json\/wp\/v2\/posts"}],"about":[{"href":"https:\/\/www.reportercatolico.com.br\/radio\/site\/wp-json\/wp\/v2\/types\/post"}],"author":[{"embeddable":true,"href":"https:\/\/www.reportercatolico.com.br\/radio\/site\/wp-json\/wp\/v2\/users\/1"}],"replies":[{"embeddable":true,"href":"https:\/\/www.reportercatolico.com.br\/radio\/site\/wp-json\/wp\/v2\/comments?post=6526"}],"version-history":[{"count":2,"href":"https:\/\/www.reportercatolico.com.br\/radio\/site\/wp-json\/wp\/v2\/posts\/6526\/revisions"}],"predecessor-version":[{"id":6529,"href":"https:\/\/www.reportercatolico.com.br\/radio\/site\/wp-json\/wp\/v2\/posts\/6526\/revisions\/6529"}],"wp:featuredmedia":[{"embeddable":true,"href":"https:\/\/www.reportercatolico.com.br\/radio\/site\/wp-json\/wp\/v2\/media\/6528"}],"wp:attachment":[{"href":"https:\/\/www.reportercatolico.com.br\/radio\/site\/wp-json\/wp\/v2\/media?parent=6526"}],"wp:term":[{"taxonomy":"category","embeddable":true,"href":"https:\/\/www.reportercatolico.com.br\/radio\/site\/wp-json\/wp\/v2\/categories?post=6526"},{"taxonomy":"post_tag","embeddable":true,"href":"https:\/\/www.reportercatolico.com.br\/radio\/site\/wp-json\/wp\/v2\/tags?post=6526"}],"curies":[{"name":"wp","href":"https:\/\/api.w.org\/{rel}","templated":true}]}}