{"id":6555,"date":"2026-04-27T10:41:03","date_gmt":"2026-04-27T13:41:03","guid":{"rendered":"https:\/\/www.reportercatolico.com.br\/radio\/site\/?p=6555"},"modified":"2026-04-27T10:44:13","modified_gmt":"2026-04-27T13:44:13","slug":"educacao-catolica-projeta-futuro-com-unidade-inovacao-e-compromisso-no-forum-nacional-em-brasilia","status":"publish","type":"post","link":"https:\/\/www.reportercatolico.com.br\/radio\/site\/educacao-catolica-projeta-futuro-com-unidade-inovacao-e-compromisso-no-forum-nacional-em-brasilia\/","title":{"rendered":"Educa\u00e7\u00e3o cat\u00f3lica projeta futuro com unidade, inova\u00e7\u00e3o e compromisso no F\u00f3rum Nacional em Bras\u00edlia"},"content":{"rendered":"<p><strong>Rep\u00f3rter Cat\u00f3lico 27\/04\/26\u00a0 \u00a0<\/strong><\/p>\n<p><strong>Evento reuniu lideran\u00e7as de todo o pa\u00eds e refor\u00e7ou identidade, gest\u00e3o e posicionamento estrat\u00e9gico do setor<\/strong><\/p>\n<p>O F\u00f3rum Nacional de Educa\u00e7\u00e3o Cat\u00f3lica 2026, realizado em Bras\u00edlia nos dias 16 e 17 de abril, reuniu lideran\u00e7as, gestores, educadores e representantes institucionais de todo o pa\u00eds em dois dias de intensa programa\u00e7\u00e3o, marcada por reflex\u00f5es, troca de experi\u00eancias e defini\u00e7\u00e3o de caminhos para o futuro da educa\u00e7\u00e3o cat\u00f3lica no Brasil.<\/p>\n<p>Com o tema \u201cEduca\u00e7\u00e3o Cat\u00f3lica: sonhar juntos hoje para impulsionar o amanh\u00e3\u201d, o encontro refor\u00e7ou a import\u00e2ncia da identidade, da miss\u00e3o e da unidade como pilares para enfrentar os desafios contempor\u00e2neos e garantir a perenidade das institui\u00e7\u00f5es. Como destacou a presidente da ANEC, Irm\u00e3 Iran\u00ed Rupolo, \u201csonhar juntos para projetar o futuro \u00e9 reconhecer que o amanh\u00e3 come\u00e7a hoje\u201d.<\/p>\n<p><strong>Salas tem\u00e1ticas ampliam debate sobre gest\u00e3o, identidade e inova\u00e7\u00e3o<\/strong><\/p>\n<p>Ao longo do F\u00f3rum, as salas tem\u00e1ticas aprofundaram discuss\u00f5es estrat\u00e9gicas sobre temas como gest\u00e3o, posicionamento de mercado, pastoralidade, inova\u00e7\u00e3o e sustentabilidade institucional. Especialistas e participantes destacaram a necessidade de alinhar prop\u00f3sito e pr\u00e1tica, fortalecendo modelos de gest\u00e3o mais profissionais, adapt\u00e1veis e conectados com a realidade atual.<\/p>\n<p>Na \u00e1rea de gest\u00e3o, a especialista Kelly Mattos provocou os participantes a repensarem suas pr\u00e1ticas: \u201cMais do que apresentar modelos prontos, precisamos refletir sobre como nossa cultura e identidade impactam o modelo de gest\u00e3o e a perenidade das institui\u00e7\u00f5es\u201d.<\/p>\n<p>J\u00e1 no debate sobre posicionamento de mercado, Marcelo Chaves foi direto ao ponto ao tratar da comunica\u00e7\u00e3o da identidade cat\u00f3lica: \u201cN\u00f3s temos o essencial, que \u00e9 a identidade e a miss\u00e3o, mas muitas vezes n\u00e3o conseguimos comunicar isso ao mercado\u201d.<\/p>\n<p>As discuss\u00f5es tamb\u00e9m evidenciaram a necessidade de acompanhar as transforma\u00e7\u00f5es do mundo contempor\u00e2neo. \u201cAs novas realidades do trabalho e o avan\u00e7o da intelig\u00eancia artificial nos desafiam, mas tamb\u00e9m nos oferecem oportunidades\u201d, destacou irm\u00e3 Iran\u00ed, ao tratar dos caminhos futuros da educa\u00e7\u00e3o.<\/p>\n<p><strong>ExpoANEC conecta inova\u00e7\u00e3o, gest\u00e3o e solu\u00e7\u00f5es para a educa\u00e7\u00e3o<\/strong><\/p>\n<p>Realizada paralelamente ao F\u00f3rum, a ExpoANEC consolidou-se como um espa\u00e7o estrat\u00e9gico de conex\u00e3o entre institui\u00e7\u00f5es de ensino e fornecedores de solu\u00e7\u00f5es educacionais. A feira reuniu empresas e organiza\u00e7\u00f5es que apresentaram produtos, servi\u00e7os e tecnologias voltadas \u00e0 inova\u00e7\u00e3o, gest\u00e3o e melhoria dos processos educacionais.<\/p>\n<p>A iniciativa fortalece o ecossistema da educa\u00e7\u00e3o cat\u00f3lica ao aproximar gestores de ferramentas e tend\u00eancias do mercado, promovendo networking qualificado e oportunidades de parceria.<\/p>\n<p>Parceira da ANEC desde 2019, a Bookfair destacou o compromisso com a educa\u00e7\u00e3o confessional. \u201cTrabalhamos com as escolas cat\u00f3licas com muito amor e seriedade. Estamos de m\u00e3os dadas com a ANEC para transformar a educa\u00e7\u00e3o cat\u00f3lica no Brasil\u201d, afirmou o CEO Maur\u00edcio Pereira.<\/p>\n<p>A \u00c1rvore de Livros tamb\u00e9m refor\u00e7ou a rela\u00e7\u00e3o hist\u00f3rica com o setor. \u201cDesde o in\u00edcio, nossas principais parceiras s\u00e3o as escolas cat\u00f3licas. Estar aqui \u00e9 sempre uma oportunidade de fortalecer e ampliar esse relacionamento\u201d, destacou o CEO Jo\u00e3o Leal.<\/p>\n<p>J\u00e1 a Layers evidenciou o papel da tecnologia alinhada ao prop\u00f3sito. \u201cAcreditamos que a educa\u00e7\u00e3o \u00e9 feita de pessoas e que a tecnologia deve potencializar resultados, nunca substituir o humano\u201d, afirmou o CEO Danilo Aneshig.<\/p>\n<p>Um dos momentos marcantes da ExpoANEC foi a entrega da Medalha do Jubileu do Mundo Educativo, aben\u00e7oada pelo Papa, aos participantes e parceiros. A iniciativa simbolizou a uni\u00e3o entre f\u00e9, educa\u00e7\u00e3o e miss\u00e3o. \u201cFoi um momento de muita emo\u00e7\u00e3o e espiritualidade. Poder trazer esse gesto para o Brasil e compartilhar com as institui\u00e7\u00f5es foi muito especial\u201d, destacou Maur\u00edcio Pereira.<\/p>\n<p><strong>Avalia\u00e7\u00e3o final refor\u00e7a unidade e aponta caminhos para o futuro<\/strong><\/p>\n<p>O encerramento do F\u00f3rum foi marcado pela plen\u00e1ria final, que reuniu as principais percep\u00e7\u00f5es e avalia\u00e7\u00f5es das salas tem\u00e1ticas com o tema \u201cConstruindo o sonho compartilhado: onde estaremos em 5 anos?\u201d. Os participantes destacaram a relev\u00e2ncia do encontro como espa\u00e7o de escuta, partilha e constru\u00e7\u00e3o coletiva.<\/p>\n<p>Entre os pontos mais ressaltados estiveram o fortalecimento da identidade cat\u00f3lica e a necessidade de respostas concretas aos desafios atuais. \u201cOs desafios n\u00e3o podem nos paralisar. Eles exigem de n\u00f3s uma gest\u00e3o colaborativa, competente e fiel \u00e0 miss\u00e3o\u201d, refor\u00e7ou Irm\u00e3 Iran\u00ed.<\/p>\n<p>A percep\u00e7\u00e3o positiva tamb\u00e9m foi compartilhada pelos participantes. Para a Irm\u00e3 Noemi, do Col\u00e9gio Nossa Senhora de Lourdes, em Governador Valadares (MG), o F\u00f3rum reafirma a import\u00e2ncia da caminhada conjunta. \u201cA experi\u00eancia mais marcante foi a possibilidade de estarmos fazendo uma caminhada cada vez mais conjunta em prol da educa\u00e7\u00e3o cat\u00f3lica no Brasil. Quanto mais nos unimos, mais fortalecemos a nossa identidade\u201d, destacou.<\/p>\n<p>Na mesma linha, o Padre Edson de Oliveira, diretor-presidente do Col\u00e9gio Santa Cruz e da Faculdade Cat\u00f3lica Dom Orione, em Aragua\u00edna (TO), ressaltou tr\u00eas pilares do encontro: identidade, comunh\u00e3o e capacita\u00e7\u00e3o. \u201cDestaco a valoriza\u00e7\u00e3o da educa\u00e7\u00e3o cat\u00f3lica como miss\u00e3o da Igreja, a sinodalidade no conhecimento de outras experi\u00eancias e a capacita\u00e7\u00e3o dos gestores, que \u00e9 fundamental para a sustentabilidade das nossas institui\u00e7\u00f5es\u201d, afirmou.<\/p>\n<p><strong>Compromisso com o presente e vis\u00e3o de futuro<\/strong><\/p>\n<p>Ao final, o F\u00f3rum deixa um recado claro: a educa\u00e7\u00e3o cat\u00f3lica no Brasil est\u00e1 em movimento, consciente de sua hist\u00f3ria e atenta \u00e0s exig\u00eancias do presente. Entre tradi\u00e7\u00e3o e inova\u00e7\u00e3o, o setor reafirma seu compromisso com a forma\u00e7\u00e3o integral, a dignidade humana e a constru\u00e7\u00e3o de uma sociedade mais justa.<\/p>\n<p>O vice-presidente da ANEC, Padre Charles Lamartine, destacou o sentimento de unidade e renova\u00e7\u00e3o da miss\u00e3o. \u201cVoltamos para nossas institui\u00e7\u00f5es com um sentimento de comunh\u00e3o e com a certeza de que a nossa identidade confessional \u00e9 a for\u00e7a que nos move\u201d, afirmou.<\/p>\n<p>Ele tamb\u00e9m refor\u00e7ou o compromisso com a forma\u00e7\u00e3o integral: \u201cSomos chamados a formar o ser humano em sua plenitude. Essa \u00e9 a miss\u00e3o da educa\u00e7\u00e3o cat\u00f3lica, e acreditamos na for\u00e7a dessa miss\u00e3o para transformar vidas\u201d.<\/p>\n","protected":false},"excerpt":{"rendered":"<p>Rep\u00f3rter Cat\u00f3lico 27\/04\/26\u00a0 \u00a0 Evento reuniu lideran\u00e7as de todo o pa\u00eds e refor\u00e7ou identidade, gest\u00e3o e posicionam &#8230; <a class=\"cz_readmore cz_readmore_no_title\" href=\"https:\/\/www.reportercatolico.com.br\/radio\/site\/educacao-catolica-projeta-futuro-com-unidade-inovacao-e-compromisso-no-forum-nacional-em-brasilia\/\"><i class=\"fa fa-angle-right\" aria-hidden=\"true\"><\/i><span><\/span><\/a><\/p>\n","protected":false},"author":1,"featured_media":6559,"comment_status":"closed","ping_status":"closed","sticky":false,"template":"","format":"standard","meta":{"rs_blank_template":"","rs_page_bg_color":"","slide_template_v7":"","footnotes":""},"categories":[1],"tags":[],"class_list":["post-6555","post","type-post","status-publish","format-standard","has-post-thumbnail","hentry","category-noticias"],"_links":{"self":[{"href":"https:\/\/www.reportercatolico.com.br\/radio\/site\/wp-json\/wp\/v2\/posts\/6555","targetHints":{"allow":["GET"]}}],"collection":[{"href":"https:\/\/www.reportercatolico.com.br\/radio\/site\/wp-json\/wp\/v2\/posts"}],"about":[{"href":"https:\/\/www.reportercatolico.com.br\/radio\/site\/wp-json\/wp\/v2\/types\/post"}],"author":[{"embeddable":true,"href":"https:\/\/www.reportercatolico.com.br\/radio\/site\/wp-json\/wp\/v2\/users\/1"}],"replies":[{"embeddable":true,"href":"https:\/\/www.reportercatolico.com.br\/radio\/site\/wp-json\/wp\/v2\/comments?post=6555"}],"version-history":[{"count":3,"href":"https:\/\/www.reportercatolico.com.br\/radio\/site\/wp-json\/wp\/v2\/posts\/6555\/revisions"}],"predecessor-version":[{"id":6560,"href":"https:\/\/www.reportercatolico.com.br\/radio\/site\/wp-json\/wp\/v2\/posts\/6555\/revisions\/6560"}],"wp:featuredmedia":[{"embeddable":true,"href":"https:\/\/www.reportercatolico.com.br\/radio\/site\/wp-json\/wp\/v2\/media\/6559"}],"wp:attachment":[{"href":"https:\/\/www.reportercatolico.com.br\/radio\/site\/wp-json\/wp\/v2\/media?parent=6555"}],"wp:term":[{"taxonomy":"category","embeddable":true,"href":"https:\/\/www.reportercatolico.com.br\/radio\/site\/wp-json\/wp\/v2\/categories?post=6555"},{"taxonomy":"post_tag","embeddable":true,"href":"https:\/\/www.reportercatolico.com.br\/radio\/site\/wp-json\/wp\/v2\/tags?post=6555"}],"curies":[{"name":"wp","href":"https:\/\/api.w.org\/{rel}","templated":true}]}}