{"id":6561,"date":"2026-04-27T10:44:50","date_gmt":"2026-04-27T13:44:50","guid":{"rendered":"https:\/\/www.reportercatolico.com.br\/radio\/site\/?p=6561"},"modified":"2026-04-27T10:46:18","modified_gmt":"2026-04-27T13:46:18","slug":"jequie-festa-de-santo-antonio-de-2026-um-hino-uma-cidade-um-so-coracao","status":"publish","type":"post","link":"https:\/\/www.reportercatolico.com.br\/radio\/site\/jequie-festa-de-santo-antonio-de-2026-um-hino-uma-cidade-um-so-coracao\/","title":{"rendered":"Jequi\u00e9 &#8211; Festa de Santo Ant\u00f4nio de 2026: \u201cUm hino. Uma cidade Um S\u00f3 Cora\u00e7\u00e3o \u201c"},"content":{"rendered":"<p><strong>Rep\u00f3rter Cat\u00f3lico 27\/04\/26\u00a0 \u00a0<\/strong><\/p>\n<p><strong>Imagem arquivo\/RC<\/strong><\/p>\n<p>A celebra\u00e7\u00e3o do Te Deum (um hino de louvor a Deus), que reflete a sabedoria da tradi\u00e7\u00e3o crist\u00e3 de elevar o cora\u00e7\u00e3o aos c\u00e9us, na certeza de que somos acolhidos na miseric\u00f3rdia do Senhor, acontecer\u00e1 na pr\u00f3xima quarta-feira, 29 de abril, \u00e0s 19h, e ser\u00e1 o momento em que ser\u00e1 apresentada a programa\u00e7\u00e3o da Festa de Santo Ant\u00f4nio, padroeiro da cidade de Jequi\u00e9.<\/p>\n<p>A celebra\u00e7\u00e3o ser\u00e1 presidida pelo bispo diocesano Dom Paulo Romeu Dantas, concelebrada pelo vig\u00e1rio geral da diocese e cura da Catedral de Santo Ant\u00f4nio, Padre Roberto Oliveira.<\/p>\n<p>O casal presidente Marlon da Silva Ribeiro e Sonia Maria Brito Ribeiro apresentar\u00e1 aos paroquianos, \u00e0 imprensa e \u00e0s autoridades todas as equipes respons\u00e1veis pelos eventos, incluindo a corrida, o leil\u00e3o, a casa de Santo Ant\u00f4nio, o jantar dos namorados, as atra\u00e7\u00f5es religiosas, culturais e a organiza\u00e7\u00e3o da quermesse, entre outros.<\/p>\n<p>O Trezen\u00e1rio de Santo Ant\u00f4nio \u00e9 uma das maiores manifesta\u00e7\u00f5es religiosas da regi\u00e3o, iniciando com a tradicional carreata \u00e0s 05h do dia 31 de maio, percorrendo as principais ruas e avenidas da cidade de Jequi\u00e9-BA, e logo ap\u00f3s \u00e9 servido o delicioso mingau de Santo Ant\u00f4nio, no barrac\u00e3o da fam\u00edlia. \u00c0 noite, no hor\u00e1rio das 19h, ocorre a celebra\u00e7\u00e3o da trezena, celebrada pelos bispos e padres convidados. O encerramento sempre acontece dia 13 de junho, com missas e prociss\u00e3o. No final, \u00e9 apresentado \u00e0 sociedade jequieense o pr\u00f3ximo casal presidente.<\/p>\n<p><strong>Por Rep\u00f3rter Cat\u00f3lico* Valdivino Filho, o amigo vado<\/strong><\/p>\n","protected":false},"excerpt":{"rendered":"<p>Rep\u00f3rter Cat\u00f3lico 27\/04\/26\u00a0 \u00a0 Imagem arquivo\/RC A celebra\u00e7\u00e3o do Te Deum (um hino de louvor a Deus), que reflete a  &#8230; <a class=\"cz_readmore cz_readmore_no_title\" href=\"https:\/\/www.reportercatolico.com.br\/radio\/site\/jequie-festa-de-santo-antonio-de-2026-um-hino-uma-cidade-um-so-coracao\/\"><i class=\"fa fa-angle-right\" aria-hidden=\"true\"><\/i><span><\/span><\/a><\/p>\n","protected":false},"author":1,"featured_media":6563,"comment_status":"closed","ping_status":"closed","sticky":false,"template":"","format":"standard","meta":{"rs_blank_template":"","rs_page_bg_color":"","slide_template_v7":"","footnotes":""},"categories":[1],"tags":[],"class_list":["post-6561","post","type-post","status-publish","format-standard","has-post-thumbnail","hentry","category-noticias"],"_links":{"self":[{"href":"https:\/\/www.reportercatolico.com.br\/radio\/site\/wp-json\/wp\/v2\/posts\/6561","targetHints":{"allow":["GET"]}}],"collection":[{"href":"https:\/\/www.reportercatolico.com.br\/radio\/site\/wp-json\/wp\/v2\/posts"}],"about":[{"href":"https:\/\/www.reportercatolico.com.br\/radio\/site\/wp-json\/wp\/v2\/types\/post"}],"author":[{"embeddable":true,"href":"https:\/\/www.reportercatolico.com.br\/radio\/site\/wp-json\/wp\/v2\/users\/1"}],"replies":[{"embeddable":true,"href":"https:\/\/www.reportercatolico.com.br\/radio\/site\/wp-json\/wp\/v2\/comments?post=6561"}],"version-history":[{"count":2,"href":"https:\/\/www.reportercatolico.com.br\/radio\/site\/wp-json\/wp\/v2\/posts\/6561\/revisions"}],"predecessor-version":[{"id":6564,"href":"https:\/\/www.reportercatolico.com.br\/radio\/site\/wp-json\/wp\/v2\/posts\/6561\/revisions\/6564"}],"wp:featuredmedia":[{"embeddable":true,"href":"https:\/\/www.reportercatolico.com.br\/radio\/site\/wp-json\/wp\/v2\/media\/6563"}],"wp:attachment":[{"href":"https:\/\/www.reportercatolico.com.br\/radio\/site\/wp-json\/wp\/v2\/media?parent=6561"}],"wp:term":[{"taxonomy":"category","embeddable":true,"href":"https:\/\/www.reportercatolico.com.br\/radio\/site\/wp-json\/wp\/v2\/categories?post=6561"},{"taxonomy":"post_tag","embeddable":true,"href":"https:\/\/www.reportercatolico.com.br\/radio\/site\/wp-json\/wp\/v2\/tags?post=6561"}],"curies":[{"name":"wp","href":"https:\/\/api.w.org\/{rel}","templated":true}]}}