{"id":6565,"date":"2026-04-27T11:03:32","date_gmt":"2026-04-27T14:03:32","guid":{"rendered":"https:\/\/www.reportercatolico.com.br\/radio\/site\/?p=6565"},"modified":"2026-04-27T12:47:33","modified_gmt":"2026-04-27T15:47:33","slug":"jequie-corrida-e-caminhada-de-santo-antonio-2026","status":"publish","type":"post","link":"https:\/\/www.reportercatolico.com.br\/radio\/site\/jequie-corrida-e-caminhada-de-santo-antonio-2026\/","title":{"rendered":"Jequi\u00e9 &#8211; Corrida e Caminhada de Santo Ant\u00f4nio 2026"},"content":{"rendered":"<p><strong>Rep\u00f3rter Cat\u00f3lico 27\/04\/26\u00a0 \u00a0<\/strong><\/p>\n<p>A tradicional e concorrida corrida e caminhada de Santo Ant\u00f4nio acontecer\u00e3o no primeiro domingo de junho, dia 7, com largada \u00e0s 7h, saindo em\u00a0 frente\u00a0 as escadarias da Catedral. \u00a0 O evento contar\u00e1 com percursos de 5 km e 10 km, reunindo atletas e entusiastas do esporte.<\/p>\n<p>A programa\u00e7\u00e3o inclui a categoria PCD (Pessoa com Defici\u00eancia), subdividida em tr\u00eas categorias: A, B e C, com largada prevista para um minuto antes da corrida geral. A categoria PCD contar\u00e1 com percurso \u00fanico de 5 km. Tamb\u00e9m haver\u00e1 a Corrida Kids e a tradicional caminhada.<\/p>\n<p>A prova ter\u00e1 premia\u00e7\u00e3o para a categoria geral (masculino e feminino) nos percursos de 5 km e 10 km, al\u00e9m de premia\u00e7\u00e3o para a categoria PCD (geral) no percurso de 5 km, e contar\u00e1 com a participa\u00e7\u00e3o de 600 atletas, e as inscri\u00e7\u00f5es j\u00e1 est\u00e3o em fase final, com vagas se esgotando.<\/p>\n<p><strong>A\u00a0 primeira Corrida de Santo Ant\u00f4nio, criada no ano de 2002<\/strong>, al\u00e9m de promover sa\u00fade f\u00edsica aos participantes \u2014 como controle de peso, fortalecimento cardiovascular e \u00f3sseo \u2014, gera diversos benef\u00edcios mentais, sociais e comunit\u00e1rios. Esses eventos transformam o ambiente urbano e incentivam um estilo de vida ativo.<\/p>\n<p>A corrida e caminhada \u00a0\u00a0est\u00e1 sendo organizada pelo <strong>Casal Carlos Lima, conhecido por Beto e \u00a0Keyla Lima e pelo jovem Gabriel Lima e equipe.<\/strong><\/p>\n<p>Para d\u00favidas, o regulamento completo est\u00e1 dispon\u00edvel no site de inscri\u00e7\u00f5es, na plataforma Races.<\/p>\n<p>&nbsp;<\/p>\n<p><strong>Por Rep\u00f3rter Cat\u00f3lico* Valdivino Filho, o amigo vado<\/strong><\/p>\n","protected":false},"excerpt":{"rendered":"<p>Rep\u00f3rter Cat\u00f3lico 27\/04\/26\u00a0 \u00a0 A tradicional e concorrida corrida e caminhada de Santo Ant\u00f4nio acontecer\u00e3o no prime &#8230; <a class=\"cz_readmore cz_readmore_no_title\" href=\"https:\/\/www.reportercatolico.com.br\/radio\/site\/jequie-corrida-e-caminhada-de-santo-antonio-2026\/\"><i class=\"fa fa-angle-right\" aria-hidden=\"true\"><\/i><span><\/span><\/a><\/p>\n","protected":false},"author":1,"featured_media":6567,"comment_status":"closed","ping_status":"closed","sticky":false,"template":"","format":"standard","meta":{"rs_blank_template":"","rs_page_bg_color":"","slide_template_v7":"","footnotes":""},"categories":[1],"tags":[],"class_list":["post-6565","post","type-post","status-publish","format-standard","has-post-thumbnail","hentry","category-noticias"],"_links":{"self":[{"href":"https:\/\/www.reportercatolico.com.br\/radio\/site\/wp-json\/wp\/v2\/posts\/6565","targetHints":{"allow":["GET"]}}],"collection":[{"href":"https:\/\/www.reportercatolico.com.br\/radio\/site\/wp-json\/wp\/v2\/posts"}],"about":[{"href":"https:\/\/www.reportercatolico.com.br\/radio\/site\/wp-json\/wp\/v2\/types\/post"}],"author":[{"embeddable":true,"href":"https:\/\/www.reportercatolico.com.br\/radio\/site\/wp-json\/wp\/v2\/users\/1"}],"replies":[{"embeddable":true,"href":"https:\/\/www.reportercatolico.com.br\/radio\/site\/wp-json\/wp\/v2\/comments?post=6565"}],"version-history":[{"count":5,"href":"https:\/\/www.reportercatolico.com.br\/radio\/site\/wp-json\/wp\/v2\/posts\/6565\/revisions"}],"predecessor-version":[{"id":6571,"href":"https:\/\/www.reportercatolico.com.br\/radio\/site\/wp-json\/wp\/v2\/posts\/6565\/revisions\/6571"}],"wp:featuredmedia":[{"embeddable":true,"href":"https:\/\/www.reportercatolico.com.br\/radio\/site\/wp-json\/wp\/v2\/media\/6567"}],"wp:attachment":[{"href":"https:\/\/www.reportercatolico.com.br\/radio\/site\/wp-json\/wp\/v2\/media?parent=6565"}],"wp:term":[{"taxonomy":"category","embeddable":true,"href":"https:\/\/www.reportercatolico.com.br\/radio\/site\/wp-json\/wp\/v2\/categories?post=6565"},{"taxonomy":"post_tag","embeddable":true,"href":"https:\/\/www.reportercatolico.com.br\/radio\/site\/wp-json\/wp\/v2\/tags?post=6565"}],"curies":[{"name":"wp","href":"https:\/\/api.w.org\/{rel}","templated":true}]}}