{"id":6609,"date":"2026-04-29T12:12:58","date_gmt":"2026-04-29T15:12:58","guid":{"rendered":"https:\/\/www.reportercatolico.com.br\/radio\/site\/?p=6609"},"modified":"2026-04-29T12:15:41","modified_gmt":"2026-04-29T15:15:41","slug":"jequie-38-anos-de-festa-em-louvor-a-sao-jose-operario","status":"publish","type":"post","link":"https:\/\/www.reportercatolico.com.br\/radio\/site\/jequie-38-anos-de-festa-em-louvor-a-sao-jose-operario\/","title":{"rendered":"Jequi\u00e9 \u2014 38 anos de festa em louvor a S\u00e3o Jos\u00e9 Oper\u00e1rio"},"content":{"rendered":"<p><strong>Rep\u00f3rter Cat\u00f3lico 29\/04\/26\u00a0 \u00a0<\/strong><\/p>\n<p>Vivendo e celebrando o tema central &#8220;Igreja, Povo de Deus: Comunh\u00e3o e Miss\u00e3o&#8221; e o lema &#8220;V\u00f3s Sois a Luz do Mundo&#8221;, a Par\u00f3quia de S\u00e3o Jos\u00e9 Oper\u00e1rio, situada no bairro do Campo do Am\u00e9rica na cidade de Jequi\u00e9-BA, est\u00e1 realizando a festa em honra ao seu padroeiro. O noven\u00e1rio teve in\u00edcio no dia 21 de abril, com carreata e b\u00ean\u00e7\u00e3o dos carros, hasteamento das bandeiras e tradicional mingau. \u00a0 A primeira noite teve como convidado o padre Thiago Teixeira, da par\u00f3quia Nossa Senhora da Concei\u00e7\u00e3o, em Jita\u00fana-BA, que falou sobre o subtema: S\u00e3o Jos\u00e9, Pai Amoroso de Jesus. Os homenageados da noite foram os Jos\u00e9s, M\u00eddias Sociais e servi\u00e7os de comunica\u00e7\u00f5es; Sites, Blogs e R\u00e1dios FM. O gesto concreto foi o feij\u00e3o, que no final da festa ser\u00e1 entregue \u00e0s fam\u00edlias carentes de Jequi\u00e9.<\/p>\n<p>Nessa quarta-feira, 29, \u00e0s 19h, o celebrante ser\u00e1 o p\u00e1roco da par\u00f3quia Nossa Senhora da Natividade, localizada na cidade de Itaquara-BA, que abordar\u00e1 o subtema &#8220;S\u00e3o Jos\u00e9, amante da pobreza&#8221;, homenageando o MCC, a Sumtran e a Guarda Municipal, e o gesto solid\u00e1rio ser\u00e1 a doa\u00e7\u00e3o de biscoitos.<\/p>\n<p>Na \u00faltima noite do noven\u00e1rio, o celebrante ser\u00e1 o p\u00e1roco da Par\u00f3quia Nossa Senhora da Boa Nova, localizada na cidade de Boa Nova-BA, Padre Paulo Cesar Assis, que refletir\u00e1 sobre o subtema: S\u00e3o Jos\u00e9, patrono da Santa Igreja, e o gesto solid\u00e1rio consistir\u00e1 em flores que ornamentar\u00e3o a igreja e o andor de S\u00e3o Jos\u00e9. \u00c0s 00h00, acontece a queima de fogos e o repicar dos sinos, anunciando o dia do padroeiro da comunidade cat\u00f3lica do Bairro do Campo do Am\u00e9rica.<\/p>\n<p>\u201cNesse esp\u00edrito, somos chamados a renovar nossa identidade como igreja viva e mission\u00e1ria, \u00e0 luz do exemplo de S\u00e3o Jos\u00e9, homem justo e fiel \u00e0 vontade de Deus, e assim\u00a0conclamarmos todos os fi\u00e9is a viverem este tempo de gra\u00e7a, para que, indo a Jos\u00e9 \u2014 Patrono da Igreja \u2014, aprendamos a ser um povo reunido na f\u00e9, fortalecido na comunh\u00e3o e enviado na miss\u00e3o, testemunhando com a vida a luz de Deus no mundo\u201d. Disse o p\u00e1roco da par\u00f3quia Jos\u00e9 Oper\u00e1rio, Pe. Roberto Menezes.<\/p>\n<p>O t\u00e9rmino da festa acontece no dia 1\u00ba de maio, com missa solene \u00e0s 10h, presidida pelo bispo diocesano de Jequi\u00e9-BA, Dom Paulo Romeu Dantas. Homenageados todos os artes\u00e3os, trabalhadores e devotos de S\u00e3o Jos\u00e9 Oper\u00e1rio. Na parte da tarde, no hor\u00e1rio das 16h, acontece a prociss\u00e3o com a vener\u00e1vel imagem de S\u00e3o Jos\u00e9 Oper\u00e1rio pelas ruas do bairro, b\u00ean\u00e7\u00e3o do Sant\u00edssimo Sacramento, passagem do estandarte para os festeiros do ano 2027, descerramento das bandeiras e caf\u00e9 sertanejo.<\/p>\n<p>&nbsp;<\/p>\n<p><strong>Por Rep\u00f3rter Cat\u00f3lico* Valdivino Filho, o amigo vado<\/strong><\/p>\n","protected":false},"excerpt":{"rendered":"<p>Rep\u00f3rter Cat\u00f3lico 29\/04\/26\u00a0 \u00a0 Vivendo e celebrando o tema central &#8220;Igreja, Povo de Deus: Comunh\u00e3o e Miss\u00e3o&#038;# &#8230; <a class=\"cz_readmore cz_readmore_no_title\" href=\"https:\/\/www.reportercatolico.com.br\/radio\/site\/jequie-38-anos-de-festa-em-louvor-a-sao-jose-operario\/\"><i class=\"fa fa-angle-right\" aria-hidden=\"true\"><\/i><span><\/span><\/a><\/p>\n","protected":false},"author":1,"featured_media":6611,"comment_status":"closed","ping_status":"closed","sticky":false,"template":"","format":"standard","meta":{"rs_blank_template":"","rs_page_bg_color":"","slide_template_v7":"","footnotes":""},"categories":[1],"tags":[],"class_list":["post-6609","post","type-post","status-publish","format-standard","has-post-thumbnail","hentry","category-noticias"],"_links":{"self":[{"href":"https:\/\/www.reportercatolico.com.br\/radio\/site\/wp-json\/wp\/v2\/posts\/6609","targetHints":{"allow":["GET"]}}],"collection":[{"href":"https:\/\/www.reportercatolico.com.br\/radio\/site\/wp-json\/wp\/v2\/posts"}],"about":[{"href":"https:\/\/www.reportercatolico.com.br\/radio\/site\/wp-json\/wp\/v2\/types\/post"}],"author":[{"embeddable":true,"href":"https:\/\/www.reportercatolico.com.br\/radio\/site\/wp-json\/wp\/v2\/users\/1"}],"replies":[{"embeddable":true,"href":"https:\/\/www.reportercatolico.com.br\/radio\/site\/wp-json\/wp\/v2\/comments?post=6609"}],"version-history":[{"count":2,"href":"https:\/\/www.reportercatolico.com.br\/radio\/site\/wp-json\/wp\/v2\/posts\/6609\/revisions"}],"predecessor-version":[{"id":6612,"href":"https:\/\/www.reportercatolico.com.br\/radio\/site\/wp-json\/wp\/v2\/posts\/6609\/revisions\/6612"}],"wp:featuredmedia":[{"embeddable":true,"href":"https:\/\/www.reportercatolico.com.br\/radio\/site\/wp-json\/wp\/v2\/media\/6611"}],"wp:attachment":[{"href":"https:\/\/www.reportercatolico.com.br\/radio\/site\/wp-json\/wp\/v2\/media?parent=6609"}],"wp:term":[{"taxonomy":"category","embeddable":true,"href":"https:\/\/www.reportercatolico.com.br\/radio\/site\/wp-json\/wp\/v2\/categories?post=6609"},{"taxonomy":"post_tag","embeddable":true,"href":"https:\/\/www.reportercatolico.com.br\/radio\/site\/wp-json\/wp\/v2\/tags?post=6609"}],"curies":[{"name":"wp","href":"https:\/\/api.w.org\/{rel}","templated":true}]}}