{"id":6613,"date":"2026-04-30T08:26:41","date_gmt":"2026-04-30T11:26:41","guid":{"rendered":"https:\/\/www.reportercatolico.com.br\/radio\/site\/?p=6613"},"modified":"2026-04-30T08:49:21","modified_gmt":"2026-04-30T11:49:21","slug":"dom-magnus-henrique-e-eleito-para-a-academia-brasileira-de-hagiologia","status":"publish","type":"post","link":"https:\/\/www.reportercatolico.com.br\/radio\/site\/dom-magnus-henrique-e-eleito-para-a-academia-brasileira-de-hagiologia\/","title":{"rendered":"Dom Magnus Henrique \u00e9 eleito para a Academia Brasileira de Hagiologia"},"content":{"rendered":"<p>Foto: Divulga\u00e7\u00e3o \/ Diocese de Crato<\/p>\n<p><strong>Rep\u00f3rter Cat\u00f3lico 30\/04\/26\u00a0 \u00a0<\/strong><\/p>\n<p>Religioso iniciou processo de beatifica\u00e7\u00e3o do Padre C\u00edcero Rom\u00e3o Batista, patrono de sua cadeira na ABRHAGI<\/p>\n<p>O bispo da Diocese de Crato (CE), Dom Magnus Henrique Lopes, foi eleito para a Academia Brasileira de Hagiologia (ABRHAGI). O religioso, que integra a Comiss\u00e3o para a Causa dos Santos da Confer\u00eancia Nacional dos Bispos do Brasil (CNBB), vai ocupar a cadeira de n\u00famero oito, que tem como patrono o Padre C\u00edcero Rom\u00e3o Batista. A posse acontece na pr\u00f3xima quarta-feira (29), \u00e0s 16h, na C\u00faria Diocesana de Crato.<\/p>\n<p>\u201cPadre Zezinho tem uma m\u00fasica que diz: \u2018Eu n\u00e3o mere\u00e7o, mas agrade\u00e7o\u2019. Havia gente bem melhor. S\u00e3o Francisco de Assis diz: \u2018O Senhor me escolheu porque n\u00e3o viu entre os pecadores nenhum mais vil nem mais insuficiente do que eu\u2019\u201d, afirma o eleito. \u201cEspero que eu n\u00e3o fale somente sobre a santidade, que eu n\u00e3o reflita somente sobre a santidade, mas que eu procure viver a santidade\u201d.<\/p>\n<p><strong>Uma hist\u00f3ria ligada ao Padre C\u00edcero<\/strong><\/p>\n<p>A cadeira que ser\u00e1 ocupada pelo bispo est\u00e1 diretamente ligada \u00e0 hist\u00f3ria de Dom Magnus. Desde fevereiro de 2022, o prelado exerce seu episcopado na Diocese de Crato (CE). A localidade foi marcada pela atua\u00e7\u00e3o do Padre C\u00edcero Rom\u00e3o Batista, famoso sacerdote cearense, venerado pelo povo e em processo de beatifica\u00e7\u00e3o pela Igreja Cat\u00f3lica. \u00c9 o \u201csanto popular\u201d que d\u00e1 nome \u00e0 cadeira que ser\u00e1 assumida pelo novo membro da Academia.<\/p>\n<p>\u201cAo ocupar a cadeira patroneada pelo Padre C\u00edcero, Dom Magnus est\u00e1 confirmando o compromisso de levar cada vez mais adiante a causa do nosso \u2018Padim Ci\u00e7o\u2019\u201d, destaca o presidente da ABRHAGI, Dom Andr\u00e9 Alves dos Santos, OSB.<\/p>\n<p>Foi Dom Magnus quem, em 20 de agosto de 2022, abriu formalmente o processo que pode levar o sacerdote nordestino, s\u00edmbolo da devo\u00e7\u00e3o popular, aos altares. Na ocasi\u00e3o, durante uma missa rezada em Juazeiro do Norte (CE), o bispo anunciou que havia recebido a autoriza\u00e7\u00e3o do Papa Francisco para a abertura da Causa de Beatifica\u00e7\u00e3o do Padre C\u00edcero. A partir deste passo, o \u201cpadim\u201d, como \u00e9 chamado popularmente Rom\u00e3o Batista, recebeu da Igreja o t\u00edtulo de Servo de Deus.<\/p>\n<p>\u201cSentar-se na cadeira que tem Padre C\u00edcero como patrono \u00e9 pensar neste grande homem que est\u00e1 no altar do cora\u00e7\u00e3o do povo. Neste homem que teve uma sensibilidade, um olhar \u00e0 frente do seu tempo, com a realidade de Juazeiro. Ent\u00e3o, espero que eu possa ter, no m\u00ednimo, a batina surrada do Padre C\u00edcero, porque trabalhei\u201d, contextualiza o novo membro da ABRHAGI.<\/p>\n<p><strong>Comiss\u00e3o para a Causa dos Santos da CNBB<\/strong><\/p>\n<p>Al\u00e9m da liga\u00e7\u00e3o com o \u201ccearense do s\u00e9culo\u201d, Dom Magnus Henrique tamb\u00e9m integra a Comiss\u00e3o Especial para a Causa dos Santos da Confer\u00eancia Episcopal Brasileira. Atualmente, a delega\u00e7\u00e3o acompanha as 139 causas de canoniza\u00e7\u00e3o em curso no Brasil, que podem proclamar novos santos para o pa\u00eds.<\/p>\n<p>\u201c\u00c9 uma honra empossar pela primeira vez um bispo no quadro dos s\u00f3cios efetivos do nosso sodal\u00edcio. A posse e, consequentemente, a presen\u00e7a de Dom Magnus Henrique, na qualidade de S\u00f3cio Efetivo da Academia Brasileira de Hagiologia, \u00e9 a concretiza\u00e7\u00e3o da aproxima\u00e7\u00e3o da ABRHAGI com a Confer\u00eancia Nacional dos Bispos do Brasil, de modo espec\u00edfico com a Comiss\u00e3o Especial para as Causas dos Santos. \u00c9 a express\u00e3o de que a Igreja no Brasil est\u00e1 comprometida com o reconhecimento daqueles que viveram a santidade aqui na Terra e, por isso, hoje s\u00e3o reconhecidos pelo povo como santos. \u00c9 tamb\u00e9m um sinal de que o trabalho desenvolvido pela nossa Academia est\u00e1 em profunda comunh\u00e3o com o episcopado e com a Igreja\u201d, comemora o presidente da ABRHAGI.<\/p>\n<p><strong>Dom Magnus Henrique Lopes<\/strong><\/p>\n<p>Natural de Assu (RN), Dom Magnus Henrique Lopes \u00e9 frade capuchinho. Formado em Filosofia, Teologia e Psicologia, \u00e9 especialista em Psicologia Cl\u00ednica Hospitalar, Parapsicologia e Religi\u00e3o, e mestre em Teologia Moral. Foi ordenado sacerdote em 21 de dezembro de 1996. No dia 16 de junho de 2010, foi nomeado pelo Papa Bento XVI como primeiro bispo da Diocese de Salgueiro, recebendo a ordena\u00e7\u00e3o episcopal em 17 de setembro de 2010. Escolheu por lema episcopal \u201cTudo posso naquele que me fortalece\u201d (Fl 4,13).<\/p>\n<p>Foi nomeado bispo para a Diocese de Crato (CE), pelo Papa Francisco, em 12 de janeiro de 2022, e a sua posse can\u00f4nica ocorreu em 19 de fevereiro do mesmo ano. Durante seu episcopado, aconteceram marcos importantes para a hist\u00f3ria da Igreja no Cear\u00e1: a beatifica\u00e7\u00e3o da m\u00e1rtir Benigna Cardoso da Silva, realizada em 24 de outubro de 2022, tornando-a a primeira beata do Estado. Ainda no mesmo ano, em 30 de novembro, deu in\u00edcio \u00e0 fase diocesana do processo de beatifica\u00e7\u00e3o do Padre C\u00edcero Rom\u00e3o Batista, s\u00edmbolo da f\u00e9 e da devo\u00e7\u00e3o popular do povo nordestino.<\/p>\n<p>Na CNBB, Dom Magnus integra a Comiss\u00e3o Episcopal para a Causa dos Santos e comp\u00f5e o Conselho Permanente. Desde 2023, exerce tamb\u00e9m a fun\u00e7\u00e3o de presidente do Regional Nordeste 1 da CNBB, que compreende as dioceses do Cear\u00e1.<\/p>\n<p>&nbsp;<\/p>\n<p>Por <strong>Academia Brasileira de Hagiologia &#8211; ABRHAGI<\/strong><\/p>\n<p>&nbsp;<\/p>\n<p>&nbsp;<\/p>\n","protected":false},"excerpt":{"rendered":"<p>Foto: Divulga\u00e7\u00e3o \/ Diocese de Crato Rep\u00f3rter Cat\u00f3lico 30\/04\/26\u00a0 \u00a0 Religioso iniciou processo de beatifica\u00e7\u00e3o do  &#8230; <a class=\"cz_readmore cz_readmore_no_title\" href=\"https:\/\/www.reportercatolico.com.br\/radio\/site\/dom-magnus-henrique-e-eleito-para-a-academia-brasileira-de-hagiologia\/\"><i class=\"fa fa-angle-right\" aria-hidden=\"true\"><\/i><span><\/span><\/a><\/p>\n","protected":false},"author":1,"featured_media":6615,"comment_status":"closed","ping_status":"closed","sticky":false,"template":"","format":"standard","meta":{"rs_blank_template":"","rs_page_bg_color":"","slide_template_v7":"","footnotes":""},"categories":[1],"tags":[],"class_list":["post-6613","post","type-post","status-publish","format-standard","has-post-thumbnail","hentry","category-noticias"],"_links":{"self":[{"href":"https:\/\/www.reportercatolico.com.br\/radio\/site\/wp-json\/wp\/v2\/posts\/6613","targetHints":{"allow":["GET"]}}],"collection":[{"href":"https:\/\/www.reportercatolico.com.br\/radio\/site\/wp-json\/wp\/v2\/posts"}],"about":[{"href":"https:\/\/www.reportercatolico.com.br\/radio\/site\/wp-json\/wp\/v2\/types\/post"}],"author":[{"embeddable":true,"href":"https:\/\/www.reportercatolico.com.br\/radio\/site\/wp-json\/wp\/v2\/users\/1"}],"replies":[{"embeddable":true,"href":"https:\/\/www.reportercatolico.com.br\/radio\/site\/wp-json\/wp\/v2\/comments?post=6613"}],"version-history":[{"count":2,"href":"https:\/\/www.reportercatolico.com.br\/radio\/site\/wp-json\/wp\/v2\/posts\/6613\/revisions"}],"predecessor-version":[{"id":6616,"href":"https:\/\/www.reportercatolico.com.br\/radio\/site\/wp-json\/wp\/v2\/posts\/6613\/revisions\/6616"}],"wp:featuredmedia":[{"embeddable":true,"href":"https:\/\/www.reportercatolico.com.br\/radio\/site\/wp-json\/wp\/v2\/media\/6615"}],"wp:attachment":[{"href":"https:\/\/www.reportercatolico.com.br\/radio\/site\/wp-json\/wp\/v2\/media?parent=6613"}],"wp:term":[{"taxonomy":"category","embeddable":true,"href":"https:\/\/www.reportercatolico.com.br\/radio\/site\/wp-json\/wp\/v2\/categories?post=6613"},{"taxonomy":"post_tag","embeddable":true,"href":"https:\/\/www.reportercatolico.com.br\/radio\/site\/wp-json\/wp\/v2\/tags?post=6613"}],"curies":[{"name":"wp","href":"https:\/\/api.w.org\/{rel}","templated":true}]}}